{"id":63265,"date":"2020-11-02T10:20:42","date_gmt":"2020-11-02T16:20:42","guid":{"rendered":"http:\/\/www.lospoliticosveracruz.com.mx\/?p=63265"},"modified":"2020-11-02T10:20:42","modified_gmt":"2020-11-02T16:20:42","slug":"el-modem-y-cuic","status":"publish","type":"post","link":"https:\/\/lospoliticosveracruz.com.mx\/?p=63265","title":{"rendered":"El Modem y Cuic"},"content":{"rendered":"<p>&nbsp;<\/p>\n<p><strong>Ricardo Ch\u00faa<\/strong><br \/>\n<em>Sale y Vale<\/em><\/p>\n<p>D\u00cdA DE TODOS SANTOS&#8230; Un a\u00f1o dif\u00edcil, una celebraci\u00f3n que es m\u00e1s tristeza, que alegr\u00eda en M\u00e9xico&#8230; Como escribi\u00f3 una usuaria de redes sociales:: \u00abTristemente, cada d\u00eda de este a\u00f1o, ha sido D\u00eda de Muertos\u00bb.. No le falta raz\u00f3n&#8230; Un pandemia puso a M\u00e9xico con estad\u00edsticas funestas en 2020&#8230; A pesar de todo, Veracruz celebra este festejo milenario y con las penas y perdidas de por medio&#8230; Hoy es d\u00eda de los \u00abFieles Difuntos\u00bb&#8230; Un recuerdo para ellos, es suficiente&#8230; AMEN&#8230;<\/p>\n<p>&nbsp;<br \/>\n<a href=\"https:\/\/www.facebook.com\/notaria61veracruz\/\"><img decoding=\"async\" src=\"http:\/\/www.lospoliticosveracruz.com.mx\/wp-content\/uploads\/2020\/07\/CINTILLO-Armando.jpg\" alt=\"\" \/><\/a><br \/>\n&nbsp;<\/p>\n<p>MODEM Y CUITL\u00c1HUAC&#8230;. Nos cuenta \u00abLa Garganta Profunda\u00bb de MORENA&#8230; Que el gobernador, Cuitl\u00e1huac Garc\u00eda Jim\u00e9nez, YA es uno de los integrantes del Movimiento Democr\u00e1tico de Morena (MODEM) creado, auspiciado y pensado por Porfirio Mu\u00f1oz Ledo, para darle la \u00abbatalla\u00bb pol\u00edtica y electoral desde adentro de este partido a Mario Delgado Carrillo, ungido por el INE como el nuevo dirigente nacional de este organismo&#8230;. Pese haber perdido dos encuestas anteriores en contra de \u00e9l&#8230;<\/p>\n<p>Una de las \u00abrecomendaciones\u00bb hechas a Cuitl\u00e1huac, por este \u00abviejo lobo de mar\u00bb de la pol\u00edtica mexicana&#8230; Es que con Delgado Carrillo, imponga su jettatura de gobernador y de ser el miembro m\u00e1s IMPORTANTE de MORENA en Veracruz&#8230; Y, que no le permita IMPONER desde la CDMX al que ser\u00e1 delegado nacional con funciones de presidente estatal de partido para las elecciones y al que ser\u00e1 el futuro l\u00edder de este organismo pol\u00edtico en la entidad en 2021&#8230;<\/p>\n<p>Al parecer Cuitl\u00e1huac Garc\u00eda, se ha puesto las \u00abpilas\u00bb en este asunto y est\u00e1 realizando una labor de convencimiento con los Morenistas de Veracruz, los de su grupo, que la mayor\u00eda los tiene en n\u00f3mina de gobierno estatal para empezar a realizar la labor pol\u00edtica a favor de Esteban Ram\u00edrez y sobre todo poner como un \u00abFRENA\u00bb a las decisiones que tomen desde CDMX para MORENA en Veracruz&#8230; As\u00ed de canijo est\u00e1 el asunto&#8230;<\/p>\n<p>Viene un dif\u00edcil momento al interior de este partido&#8230;Ya que Cuitl\u00e1huac tiene de rival pol\u00edtico al delegado del gobierno federal en Veracruz, Manuel Huerta, qui\u00e9n est\u00e1 al 100 con Mario Delgado y, hay que reconocer, que Huerta tiene m\u00e1s control y conoce m\u00e1s el interior de MORENA que el propio gobernador&#8230; Pero hay una ventaja que El Cuit tiene sobre Huerta&#8230; Que es la n\u00f3mina y que Mu\u00f1oz Ledo estar\u00e1 detr\u00e1s de \u00e9l, adem\u00e1s Huerta y Delgado, no le llegan a los \u00abtalones\u00bb a Porfirio&#8230;<\/p>\n<p>El tema est\u00e1 tan fuerte&#8230; Que \u00abLa Garganta Profunda\u00bb coment\u00f3 que el propio Mu\u00f1oz Ledo asesor\u00f3 a sus aliados a no dejarse manipular y quitarse el partido por Mario Delgado, donde ellos tengan su zona de influencia y que mantengan el control pol\u00edtico para hacerles un frente de resistencia.. Y que ellos como gobernadores, no vayan a caer ante \u00ablos s\u00fabitos del dedo\u00bb&#8230;Por eso, por lo pronto, la primera recomendaci\u00f3n es que no se dejen imponer a sus l\u00edderes estatales&#8230; As\u00ed Delgado Carrillo tendr\u00e1 la necesidad de \u00abnegociar\u00bb con ellos&#8230;<\/p>\n<p>Adem\u00e1s que les prometi\u00f3 que cualquier cosa desde el Congreso de la Uni\u00f3n defender\u00e1 a sus aliados&#8230; Ya sea usando la tribuna m\u00e1xima para arremeter contra su nuevo l\u00edder o utilizando toda la cuesti\u00f3n medi\u00e1tica para que la sociedad en general, se enteren de todas las malas acciones que puedan emprender esta dirigencia reci\u00e9n electa&#8230; M\u00c1S SABE EL DIABLO&#8230; POR VIEJO&#8230; Al final de cuentas, en Veracruz, Porfirio no tiene nada que perder&#8230; Y Cuitl\u00e1huac tiene todo que ganar&#8230; Gobernabilidad y poder&#8230; JES\u00daS AMPARE..<\/p>\n<p>BYE CAZAR\u00cdN&#8230; Haga lo que haga&#8230; Amague lo que amague&#8230; Juan Javier G\u00f3mez Cazar\u00edn, ya no ser\u00e1 aspirante a la alcald\u00eda de Coatzacoalcos&#8230; Y, al parecer, tampoco ser\u00e1 diputado federal por el distrito de Los Tuxtlas&#8230; Que era lo que m\u00e1s le conven\u00eda, para poner \u00abtierra de por medio\u00bb de todo lo hecho en el Congreso Local de Veracruz&#8230; Si el mapa pol\u00edtico cambia en la entidad en 2021&#8230; Al final, Cazar\u00edn ser\u00e1 el candidato a diputado local por su mismo distrito: Los Tuxtlas&#8230; Hueyapan de Ocampo, Catemaco y San Andr\u00e9s Tuxtla&#8230; Nada m\u00e1s..<\/p>\n<p>El \u00fanico problema que tiene es que 3 a\u00f1os despu\u00e9s de la campa\u00f1a del 2018&#8230; Ya no trae el arrastre que tuvo por Andr\u00e9s Manuel L\u00f3pez Obrador&#8230; Pero principalmente, a Cazar\u00edn le pas\u00f3 lo que a muchos pol\u00edticos&#8230; Se la crey\u00f3 que esto era \u00abeterno\u00bb, se alej\u00f3 de sus bases, de sus amigos&#8230; Se hizo cercano de poderosos y millonarios, pero no de los que lo ayudaron a ganar&#8230; Y los mand\u00f3 al olvido&#8230; Ahora, que los necesita \u00bfOn tan?&#8230; En esta vida y en las otras: \u00abNo es indio, el que no se venga\u00bb&#8230; CONSUMATUM EST&#8230;<\/p>\n<p>AMADO, EL DUE\u00d1O DE COATZA&#8230; Con la seguridad que le da que Juan Javier G\u00f3mez Cazar\u00edn&#8230; Ya no estar\u00e1 encima de \u00e9l y de su grupo&#8230; El diputado local y abogado, Amado Cruz Malpica, se ha convertido desde la semana pasada en el \u00abAmo y Se\u00f1or\u00bb de Coatzacoalcos&#8230; Por encima de Rocio Nahle, pese a que trae una alianza con la secretaria de Energ\u00eda en M\u00e9xico.. El verdadero control del distrito y del municipio, la tiene este personaje&#8230; No hay quien se le ponga enfrente&#8230; Y el \u00fanico que le garantiza el triunfo a los Morenos&#8230;<\/p>\n<p>El \u00fanico problema de Cruz Malpica&#8230; Es el mismo desde hace meses&#8230; \u00c9l quiere la alcald\u00eda de Coatza pero tendr\u00e1 que esperar que decide L\u00f3pez Obrador, sobre su futuro inmediato&#8230; Ya que al parecer, Palacio Nacional lo tiene \u00abpalo-meado\u00bb para que sea candidato a diputado federal por aquel distrito&#8230; Ya que sin \u00e9l, pueden perderlo&#8230; Y es un \u00ablujo\u00bb que MORENA no se puede dar en estos tiempos&#8230; As\u00ed que el futuro del nuevo \u00abcacique\u00bb pol\u00edtico de Coatzacoalcos est\u00e1 en el aire&#8230; Como el de MORENA en Veracruz&#8230; Se va o se queda&#8230; AMEN&#8230;<\/p>\n","protected":false},"excerpt":{"rendered":"<p>&nbsp; Ricardo Ch\u00faa Sale y Vale D\u00cdA DE TODOS SANTOS&#8230; Un a\u00f1o dif\u00edcil, una celebraci\u00f3n que es m\u00e1s tristeza, que alegr\u00eda en M\u00e9xico&#8230; Como escribi\u00f3 una usuaria de redes sociales:: \u00abTristemente, cada d\u00eda de este a\u00f1o, ha sido D\u00eda de Muertos\u00bb.. No le falta raz\u00f3n&#8230; Un pandemia puso a M\u00e9xico con estad\u00edsticas funestas en 2020&#8230; [&hellip;]<\/p>\n","protected":false},"author":2,"featured_media":0,"comment_status":"open","ping_status":"open","sticky":false,"template":"","format":"standard","meta":{"_jetpack_newsletter_access":"","_jetpack_dont_email_post_to_subs":false,"_jetpack_newsletter_tier_id":0,"_jetpack_memberships_contains_paywalled_content":false,"_jetpack_memberships_contains_paid_content":false,"footnotes":""},"categories":[70],"tags":[618,1563,20279,10059,554,12695,20170,23177,1026,23176,1025,3578,195],"class_list":["post-63265","post","type-post","status-publish","format-standard","hentry","category-de-opinion","tag-andres-manuel-lopez-obrador","tag-cuitlahuac-garcia-jimenez","tag-esteban-ramirez","tag-fieles-difuntos","tag-ine","tag-juan-javier-gomez-cazarin","tag-mario-delgado-carrillo","tag-modem","tag-morena","tag-movimiento-democratico-de-morena","tag-porfirio-munoz-ledo","tag-rocio-nahle","tag-veracruz"],"jetpack_featured_media_url":"","jetpack_sharing_enabled":true,"jetpack_shortlink":"https:\/\/wp.me\/p4Qcd3-gsp","_links":{"self":[{"href":"https:\/\/lospoliticosveracruz.com.mx\/index.php?rest_route=\/wp\/v2\/posts\/63265","targetHints":{"allow":["GET"]}}],"collection":[{"href":"https:\/\/lospoliticosveracruz.com.mx\/index.php?rest_route=\/wp\/v2\/posts"}],"about":[{"href":"https:\/\/lospoliticosveracruz.com.mx\/index.php?rest_route=\/wp\/v2\/types\/post"}],"author":[{"embeddable":true,"href":"https:\/\/lospoliticosveracruz.com.mx\/index.php?rest_route=\/wp\/v2\/users\/2"}],"replies":[{"embeddable":true,"href":"https:\/\/lospoliticosveracruz.com.mx\/index.php?rest_route=%2Fwp%2Fv2%2Fcomments&post=63265"}],"version-history":[{"count":1,"href":"https:\/\/lospoliticosveracruz.com.mx\/index.php?rest_route=\/wp\/v2\/posts\/63265\/revisions"}],"predecessor-version":[{"id":63267,"href":"https:\/\/lospoliticosveracruz.com.mx\/index.php?rest_route=\/wp\/v2\/posts\/63265\/revisions\/63267"}],"wp:attachment":[{"href":"https:\/\/lospoliticosveracruz.com.mx\/index.php?rest_route=%2Fwp%2Fv2%2Fmedia&parent=63265"}],"wp:term":[{"taxonomy":"category","embeddable":true,"href":"https:\/\/lospoliticosveracruz.com.mx\/index.php?rest_route=%2Fwp%2Fv2%2Fcategories&post=63265"},{"taxonomy":"post_tag","embeddable":true,"href":"https:\/\/lospoliticosveracruz.com.mx\/index.php?rest_route=%2Fwp%2Fv2%2Ftags&post=63265"}],"curies":[{"name":"wp","href":"https:\/\/api.w.org\/{rel}","templated":true}]}}