{"id":63274,"date":"2020-11-02T11:45:49","date_gmt":"2020-11-02T17:45:49","guid":{"rendered":"http:\/\/www.lospoliticosveracruz.com.mx\/?p=63274"},"modified":"2020-11-02T11:45:49","modified_gmt":"2020-11-02T17:45:49","slug":"que-no-los-juzgue-la-historia","status":"publish","type":"post","link":"https:\/\/lospoliticosveracruz.com.mx\/?p=63274","title":{"rendered":"Que no los juzgue la historia"},"content":{"rendered":"<p><strong>Lorena Pi\u00f1\u00f3n Rivera<\/strong><\/p>\n<p><em>Consummatum Est<\/em><\/p>\n<p>El triunfo del presidente L\u00f3pez Obrador en el verano del 2018 fue contundente, leg\u00edtimo y democr\u00e1tico. Los ciudadanos decidieron apoyarlo con una claridad avasallante en las urnas y esa voluntad de cambio pol\u00edtico se vio reflejada tambi\u00e9n en un respaldo inusitado en la definici\u00f3n de los integrantes de la c\u00e1mara de diputados y de senadores.<br \/>\nEste manotazo democr\u00e1tico en el tablero pol\u00edtico nacional, ha sido percibido por la actual clase gobernante como un aval para demoler instituciones y erosionar la autoridad de los contrapesos al poder ejecutivo federal.<br \/>\nLa narrativa de la lucha contra la corrupci\u00f3n, provoca esc\u00e1ndalo y visibilidad medi\u00e1tica. El discurso en el que se fundament\u00f3 la extinci\u00f3n de los fideicomisos p\u00fablicos, fue que hab\u00eda opacidad y un uso corrupto de los recursos.<br \/>\nLo cierto es que ser\u00eda m\u00e1s provechoso que en lugar de centrar el combate a la corrupci\u00f3n en el linchamiento pol\u00edtico, ser\u00eda mucho mejor que tuviera su cauce en el \u00e1mbito legal, con un debido proceso en donde se deslinden responsabilidades y se castigue a cualquiera que haya cometido negocios al amparo del poder p\u00fablico, sin distingos para nadie y sin importar su filiaci\u00f3n pol\u00edtica.<br \/>\nPor ejemplo, los fideicomisos para promover la creaci\u00f3n art\u00edstica, el talento deportivo, la investigaci\u00f3n cient\u00edfica, mitigar el impacto de desastres naturales y enfrentar enfermedades catastr\u00f3ficas han sido anulados por la mayor\u00eda legislativa de MORENA, con el argumento multicitado de la corrupci\u00f3n; sin embargo hasta ahora no se conoce la cascada de denuncias que tendr\u00edan que tramitarse en contra de todos los presuntos responsables de los supuestos desfalcos millonarios cometidos en el manejo de los fideicomisos.<br \/>\nEs claro que la pandemia por el coronavirus irrumpi\u00f3 con sorpresa en todo el mundo, sin embargo el gobierno de MORENA si es responsable del tratamiento err\u00e1tico que ha tenido con respecto a su contenci\u00f3n. Dec\u00eda Luis Donaldo Colosio que \u00abcala m\u00e1s el ejemplo que la palabra\u00bb y este aforismo ilustra el impacto mortal que seguramente ha tenido el hecho de que muchos menosprecien el cubrebocas y se resistan a utilizarlo nada m\u00e1s porque el \u00abzar anticovid\u00bb L\u00f3pez Gatell afirma que su uso tiene m\u00e1s consecuencias psicol\u00f3gicas de alivio que de una efectiva defensa en contra del contagio.<br \/>\nTodav\u00eda m\u00e1s, es desconcertante que, ante la conjugaci\u00f3n de la crisis sanitaria, econ\u00f3mica, de seguridad y la evidente escalada de conflictos pol\u00edticos vistos con desd\u00e9n; todav\u00eda se atrevan a acabar con los recursos destinados para la atenci\u00f3n de enfermedades catastr\u00f3ficas.<br \/>\nEsto quiere decir que las patolog\u00edas de curso cr\u00f3nico y alto riesgo, cuyo tratamiento es de alto costo econ\u00f3mico e impacto social, ahora tampoco son prioridad para el bloque de MORENA y sus aliados. Yo no esperar\u00e9 a que la historia los juzgue en a\u00f1os, trabajo para alentar que los ciudadanos los califiquen ya, en las elecciones del 2021.<br \/>\nConsummatum: Esta semana presenci\u00e9 la ceremonia para conmemorar el natalicio de Don Gustavo Carvajal Moreno. Su obra pol\u00edtica enorgullece a los veracruzanos por su vocaci\u00f3n panamericana sintetizada en la fundaci\u00f3n de la Comisi\u00f3n Permanente de Partidos Pol\u00edticos de Am\u00e9rica Latina. El legado del \u00abMensajero de la Paz\u00bb se mantiene vigente en el liderazgo que ejerce Alejandro Moreno y el PRI en el continente. Tw: @lorenapignon_<br \/>\nSecretaria Nacional de Gesti\u00f3n Social del PRI<\/p>\n","protected":false},"excerpt":{"rendered":"<p>Lorena Pi\u00f1\u00f3n Rivera Consummatum Est El triunfo del presidente L\u00f3pez Obrador en el verano del 2018 fue contundente, leg\u00edtimo y democr\u00e1tico. Los ciudadanos decidieron apoyarlo con una claridad avasallante en las urnas y esa voluntad de cambio pol\u00edtico se vio reflejada tambi\u00e9n en un respaldo inusitado en la definici\u00f3n de los integrantes de la c\u00e1mara [&hellip;]<\/p>\n","protected":false},"author":2,"featured_media":0,"comment_status":"open","ping_status":"open","sticky":false,"template":"","format":"standard","meta":{"_jetpack_newsletter_access":"","_jetpack_dont_email_post_to_subs":false,"_jetpack_newsletter_tier_id":0,"_jetpack_memberships_contains_paywalled_content":false,"_jetpack_memberships_contains_paid_content":false,"footnotes":""},"categories":[70],"tags":[282,23186,17499,1003,1026],"class_list":["post-63274","post","type-post","status-publish","format-standard","hentry","category-de-opinion","tag-corrupcion","tag-linchamiento-politico","tag-lopez-gatell","tag-lopez-obrador","tag-morena"],"jetpack_featured_media_url":"","jetpack_sharing_enabled":true,"jetpack_shortlink":"https:\/\/wp.me\/p4Qcd3-gsy","_links":{"self":[{"href":"https:\/\/lospoliticosveracruz.com.mx\/index.php?rest_route=\/wp\/v2\/posts\/63274","targetHints":{"allow":["GET"]}}],"collection":[{"href":"https:\/\/lospoliticosveracruz.com.mx\/index.php?rest_route=\/wp\/v2\/posts"}],"about":[{"href":"https:\/\/lospoliticosveracruz.com.mx\/index.php?rest_route=\/wp\/v2\/types\/post"}],"author":[{"embeddable":true,"href":"https:\/\/lospoliticosveracruz.com.mx\/index.php?rest_route=\/wp\/v2\/users\/2"}],"replies":[{"embeddable":true,"href":"https:\/\/lospoliticosveracruz.com.mx\/index.php?rest_route=%2Fwp%2Fv2%2Fcomments&post=63274"}],"version-history":[{"count":1,"href":"https:\/\/lospoliticosveracruz.com.mx\/index.php?rest_route=\/wp\/v2\/posts\/63274\/revisions"}],"predecessor-version":[{"id":63276,"href":"https:\/\/lospoliticosveracruz.com.mx\/index.php?rest_route=\/wp\/v2\/posts\/63274\/revisions\/63276"}],"wp:attachment":[{"href":"https:\/\/lospoliticosveracruz.com.mx\/index.php?rest_route=%2Fwp%2Fv2%2Fmedia&parent=63274"}],"wp:term":[{"taxonomy":"category","embeddable":true,"href":"https:\/\/lospoliticosveracruz.com.mx\/index.php?rest_route=%2Fwp%2Fv2%2Fcategories&post=63274"},{"taxonomy":"post_tag","embeddable":true,"href":"https:\/\/lospoliticosveracruz.com.mx\/index.php?rest_route=%2Fwp%2Fv2%2Ftags&post=63274"}],"curies":[{"name":"wp","href":"https:\/\/api.w.org\/{rel}","templated":true}]}}