{"id":63323,"date":"2020-11-03T13:43:48","date_gmt":"2020-11-03T19:43:48","guid":{"rendered":"http:\/\/www.lospoliticosveracruz.com.mx\/?p=63323"},"modified":"2020-11-03T13:55:21","modified_gmt":"2020-11-03T19:55:21","slug":"arrancan","status":"publish","type":"post","link":"https:\/\/lospoliticosveracruz.com.mx\/?p=63323","title":{"rendered":"Arrancan!"},"content":{"rendered":"<p>En medio de la pandemia por el coronavirus y con las medidas sanitarias, este martes se instal\u00f3 el Consejo Local Electoral del INE en Veracruz, con lo que arranca el proceso federal del pr\u00f3ximo 6 de junio.<\/p>\n<p>En el discurso de bienvenida a los representantes de partidos pol\u00edticos, el vocal ejecutivo del INE, Josu\u00e9 Cervantes, expuso que es importante sumar esfuerzos para asegurar a la ciudadan\u00eda condiciones de certeza y, en el contexto de la pandemia, condiciones de salud para concurrir a las casillas con la tranquilidad de que podr\u00e1 votar con absoluta limpieza en la acepci\u00f3n m\u00e1s amplia del vocablo\u00bb.<br \/>\nResalt\u00f3 tambi\u00e9n el trabajo del Organismo P\u00fablico Local Electoral (OPLE), para una transferencia de poderes por la v\u00eda democr\u00e1tica.<br \/>\n\u00abPor lo que perm\u00edtaseme englobarles diciendo que todo este entramado institucional da cuenta del compromiso del Estado mexicano por contribuir a la paz social.\u00bb<br \/>\nEl vocal ejecutivo del INE se refiri\u00f3 a la reforma que sanciona la violencia pol\u00edtica en raz\u00f3n de g\u00e9nero; y, al amparo de tal reforma, el que ning\u00fan sujeto que hubiera violentado o violente a una mujer pueda aspirar a una candidatura. \u00abDenunciemos con energ\u00eda todo abuso dirigido a menoscabar el derecho de las mujeres a contender en igualdad de circunstancias por un cargo de elecci\u00f3n popular.\u00bb<\/p>\n","protected":false},"excerpt":{"rendered":"<p>En medio de la pandemia por el coronavirus y con las medidas sanitarias, este martes se instal\u00f3 el Consejo Local Electoral del INE en Veracruz, con lo que arranca el proceso federal del pr\u00f3ximo 6 de junio. En el discurso de bienvenida a los representantes de partidos pol\u00edticos, el vocal ejecutivo del INE, Josu\u00e9 Cervantes, [&hellip;]<\/p>\n","protected":false},"author":2,"featured_media":0,"comment_status":"open","ping_status":"open","sticky":false,"template":"","format":"standard","meta":{"_jetpack_newsletter_access":"","_jetpack_dont_email_post_to_subs":false,"_jetpack_newsletter_tier_id":0,"_jetpack_memberships_contains_paywalled_content":false,"_jetpack_memberships_contains_paid_content":false,"footnotes":""},"categories":[6446],"tags":[23218,16264,553,23217,3272,17783,23220],"class_list":["post-63323","post","type-post","status-publish","format-standard","hentry","category-la-nota","tag-consejo-local-electoral","tag-coronavirus","tag-eleccion-popular","tag-ine-en-veracruz","tag-ople","tag-organismo-publico-local-electoral","tag-proceso-federal"],"jetpack_featured_media_url":"","jetpack_sharing_enabled":true,"jetpack_shortlink":"https:\/\/wp.me\/s4Qcd3-arrancan","_links":{"self":[{"href":"https:\/\/lospoliticosveracruz.com.mx\/index.php?rest_route=\/wp\/v2\/posts\/63323","targetHints":{"allow":["GET"]}}],"collection":[{"href":"https:\/\/lospoliticosveracruz.com.mx\/index.php?rest_route=\/wp\/v2\/posts"}],"about":[{"href":"https:\/\/lospoliticosveracruz.com.mx\/index.php?rest_route=\/wp\/v2\/types\/post"}],"author":[{"embeddable":true,"href":"https:\/\/lospoliticosveracruz.com.mx\/index.php?rest_route=\/wp\/v2\/users\/2"}],"replies":[{"embeddable":true,"href":"https:\/\/lospoliticosveracruz.com.mx\/index.php?rest_route=%2Fwp%2Fv2%2Fcomments&post=63323"}],"version-history":[{"count":3,"href":"https:\/\/lospoliticosveracruz.com.mx\/index.php?rest_route=\/wp\/v2\/posts\/63323\/revisions"}],"predecessor-version":[{"id":63331,"href":"https:\/\/lospoliticosveracruz.com.mx\/index.php?rest_route=\/wp\/v2\/posts\/63323\/revisions\/63331"}],"wp:attachment":[{"href":"https:\/\/lospoliticosveracruz.com.mx\/index.php?rest_route=%2Fwp%2Fv2%2Fmedia&parent=63323"}],"wp:term":[{"taxonomy":"category","embeddable":true,"href":"https:\/\/lospoliticosveracruz.com.mx\/index.php?rest_route=%2Fwp%2Fv2%2Fcategories&post=63323"},{"taxonomy":"post_tag","embeddable":true,"href":"https:\/\/lospoliticosveracruz.com.mx\/index.php?rest_route=%2Fwp%2Fv2%2Ftags&post=63323"}],"curies":[{"name":"wp","href":"https:\/\/api.w.org\/{rel}","templated":true}]}}