{"id":63327,"date":"2020-11-03T13:51:26","date_gmt":"2020-11-03T19:51:26","guid":{"rendered":"http:\/\/www.lospoliticosveracruz.com.mx\/?p=63327"},"modified":"2020-11-03T13:52:05","modified_gmt":"2020-11-03T19:52:05","slug":"hay-que-cambiar-el-giro-a-los-salones-de-fiesta","status":"publish","type":"post","link":"https:\/\/lospoliticosveracruz.com.mx\/?p=63327","title":{"rendered":"Hay que cambiar el giro a los Salones de Fiesta!"},"content":{"rendered":"<p>&nbsp;<\/p>\n<p>El diputado local, Omar Miranda, pidi\u00f3 al gobierno del estado la reclasificaci\u00f3n del giro para la renta de salones sociales en todo el estado, a fin de que puedan trabajar al 25 por ciento de su capacidad.<br \/>\nCon todos los protocolos de sanidad que exige la nueva realidad, ya que son uno de los negocios m\u00e1s afectados por la pandemia.<br \/>\nEn ese sentido, Omar Guillermo Miranda, quien es coordinador del Grupo Legislativo del PAN, estuvo acompa\u00f1ado por las prestadoras del servicio Melina Basilio y Rosy Peralta, precis\u00f3 que los salones de fiesta solo son un eslab\u00f3n econ\u00f3mico de un mismo giro que sufre la restricci\u00f3n, afectando tambi\u00e9n a meseros, cocineros, banqueteros, floreros, proveedores y prestadores de servicios adicionales al entretenimiento.<br \/>\n\u201cLos salones de fiesta est\u00e1n catalogados dentro del segmento del entretenimiento y eventos masivos; pero la realidad es que ya no se pueden concentrar tantas personas, raz\u00f3n por la cual esperamos que los dejen operar al 25 por ciento de su capacidad, con los protocolos necesarios, porque incluso ya se organizaron e hicieron un manual de prevenci\u00f3n e higiene para la industria\u201d.<br \/>\nOmar Miranda tambi\u00e9n hizo un llamado al gobierno municipal para que d\u00e9 respuesta a esta problem\u00e1tica, ya que la restricci\u00f3n actual solo ha generado informalidad y un mercado irregular donde tan solo este fin de semana se clausuraron 15 fiestas clandestinas.<br \/>\nPor \u00faltimo, adelant\u00f3 que como diputado local llevar\u00e1 esta problem\u00e1tica al Congreso local, para que se interceda y se pueda dar una soluci\u00f3n a esta problem\u00e1tica, donde los prestadores de servicio dijeron estar dispuestos a trabajar una carta compromiso entre ellos y los usuarios, para que por acuerdo mutuo se refuercen las medidas sanitarias y protocolos de sana distancia; con la finalidad de sacar adelante este sector productivo.<\/p>\n","protected":false},"excerpt":{"rendered":"<p>&nbsp; El diputado local, Omar Miranda, pidi\u00f3 al gobierno del estado la reclasificaci\u00f3n del giro para la renta de salones sociales en todo el estado, a fin de que puedan trabajar al 25 por ciento de su capacidad. Con todos los protocolos de sanidad que exige la nueva realidad, ya que son uno de los [&hellip;]<\/p>\n","protected":false},"author":2,"featured_media":0,"comment_status":"open","ping_status":"open","sticky":false,"template":"","format":"standard","meta":{"_jetpack_newsletter_access":"","_jetpack_dont_email_post_to_subs":false,"_jetpack_newsletter_tier_id":0,"_jetpack_memberships_contains_paywalled_content":false,"_jetpack_memberships_contains_paid_content":false,"footnotes":""},"categories":[6446],"tags":[819,23225,23224,12807,266,17643,23222,23223,9815],"class_list":["post-63327","post","type-post","status-publish","format-standard","hentry","category-la-nota","tag-congreso-local","tag-higiene","tag-llamado-al-gobierno-municipal","tag-omar-miranda","tag-pan","tag-prevencion","tag-reclasificacion","tag-rosy-peralta","tag-sector-productivo"],"jetpack_featured_media_url":"","jetpack_sharing_enabled":true,"jetpack_shortlink":"https:\/\/wp.me\/p4Qcd3-gtp","_links":{"self":[{"href":"https:\/\/lospoliticosveracruz.com.mx\/index.php?rest_route=\/wp\/v2\/posts\/63327","targetHints":{"allow":["GET"]}}],"collection":[{"href":"https:\/\/lospoliticosveracruz.com.mx\/index.php?rest_route=\/wp\/v2\/posts"}],"about":[{"href":"https:\/\/lospoliticosveracruz.com.mx\/index.php?rest_route=\/wp\/v2\/types\/post"}],"author":[{"embeddable":true,"href":"https:\/\/lospoliticosveracruz.com.mx\/index.php?rest_route=\/wp\/v2\/users\/2"}],"replies":[{"embeddable":true,"href":"https:\/\/lospoliticosveracruz.com.mx\/index.php?rest_route=%2Fwp%2Fv2%2Fcomments&post=63327"}],"version-history":[{"count":1,"href":"https:\/\/lospoliticosveracruz.com.mx\/index.php?rest_route=\/wp\/v2\/posts\/63327\/revisions"}],"predecessor-version":[{"id":63329,"href":"https:\/\/lospoliticosveracruz.com.mx\/index.php?rest_route=\/wp\/v2\/posts\/63327\/revisions\/63329"}],"wp:attachment":[{"href":"https:\/\/lospoliticosveracruz.com.mx\/index.php?rest_route=%2Fwp%2Fv2%2Fmedia&parent=63327"}],"wp:term":[{"taxonomy":"category","embeddable":true,"href":"https:\/\/lospoliticosveracruz.com.mx\/index.php?rest_route=%2Fwp%2Fv2%2Fcategories&post=63327"},{"taxonomy":"post_tag","embeddable":true,"href":"https:\/\/lospoliticosveracruz.com.mx\/index.php?rest_route=%2Fwp%2Fv2%2Ftags&post=63327"}],"curies":[{"name":"wp","href":"https:\/\/api.w.org\/{rel}","templated":true}]}}