{"id":63438,"date":"2020-11-05T12:48:55","date_gmt":"2020-11-05T18:48:55","guid":{"rendered":"http:\/\/www.lospoliticosveracruz.com.mx\/?p=63438"},"modified":"2020-11-13T10:17:56","modified_gmt":"2020-11-13T16:17:56","slug":"en-3-dias-la-suerte-de-chofi","status":"publish","type":"post","link":"https:\/\/lospoliticosveracruz.com.mx\/?p=63438","title":{"rendered":"En 3 d\u00edas, la suerte de Chofi"},"content":{"rendered":"<p>&nbsp;<\/p>\n<p><a href=\"http:\/\/www.lospoliticosveracruz.com.mx\/wp-content\/uploads\/2020\/11\/Consume-C\u00f3rdoba-B.jpg\"><img loading=\"lazy\" decoding=\"async\" class=\"alignleft size-full wp-image-63720\" src=\"http:\/\/www.lospoliticosveracruz.com.mx\/wp-content\/uploads\/2020\/11\/Consume-C\u00f3rdoba-B.jpg\" alt=\"Consume C\u00f3rdoba B\" width=\"375\" height=\"627\" \/><\/a>El congreso local dio entrada este jueves a la solicitud de juicio pol\u00edtico en contra de la magistrada Sof\u00eda Martinez Huerta.<br \/>\nHay que recordar que recientemente fue destituida como presidenta del Tribunal Superior de Justicia.<br \/>\nLa petici\u00f3n fue solicitada apenas este mi\u00e9rcoles por el juez Jos\u00e9 Clemente Zorrilla y se turn\u00f3 a la comisi\u00f3n de Gobernaci\u00f3n del congreso local.<br \/>\nSe denuncia a la magistrada Sof\u00eda Mart\u00ednez Huerta de destituirlo irregularmente, usurpando funciones, del juzgado de Ozuluama.<br \/>\nLa Comisi\u00f3n de Gobernaci\u00f3n tendr\u00e1 3 d\u00edas h\u00e1biles (martes siguiente) para integrar un dictamen, sobre si existen elementos para iniciar o no juicio pol\u00edtico, de no encontrar elementos, se turnar\u00eda a la secretar\u00eda General del Congreso; de hallar elementos, ser\u00e1 turnado a la comisi\u00f3n Instructora del Congreso local.<\/p>\n","protected":false},"excerpt":{"rendered":"<p>&nbsp; El congreso local dio entrada este jueves a la solicitud de juicio pol\u00edtico en contra de la magistrada Sof\u00eda Martinez Huerta. Hay que recordar que recientemente fue destituida como presidenta del Tribunal Superior de Justicia. La petici\u00f3n fue solicitada apenas este mi\u00e9rcoles por el juez Jos\u00e9 Clemente Zorrilla y se turn\u00f3 a la comisi\u00f3n [&hellip;]<\/p>\n","protected":false},"author":2,"featured_media":0,"comment_status":"open","ping_status":"open","sticky":false,"template":"","format":"standard","meta":{"_jetpack_newsletter_access":"","_jetpack_dont_email_post_to_subs":false,"_jetpack_newsletter_tier_id":0,"_jetpack_memberships_contains_paywalled_content":false,"_jetpack_memberships_contains_paid_content":false,"footnotes":""},"categories":[6446],"tags":[819,9509,22470,23319,4903,15849],"class_list":["post-63438","post","type-post","status-publish","format-standard","hentry","category-la-nota","tag-congreso-local","tag-denuncia","tag-dictamen","tag-jose-clemente-zorrilla","tag-juicio-politico","tag-sofia-martinez-huerta"],"jetpack_featured_media_url":"","jetpack_sharing_enabled":true,"jetpack_shortlink":"https:\/\/wp.me\/p4Qcd3-gvc","_links":{"self":[{"href":"https:\/\/lospoliticosveracruz.com.mx\/index.php?rest_route=\/wp\/v2\/posts\/63438","targetHints":{"allow":["GET"]}}],"collection":[{"href":"https:\/\/lospoliticosveracruz.com.mx\/index.php?rest_route=\/wp\/v2\/posts"}],"about":[{"href":"https:\/\/lospoliticosveracruz.com.mx\/index.php?rest_route=\/wp\/v2\/types\/post"}],"author":[{"embeddable":true,"href":"https:\/\/lospoliticosveracruz.com.mx\/index.php?rest_route=\/wp\/v2\/users\/2"}],"replies":[{"embeddable":true,"href":"https:\/\/lospoliticosveracruz.com.mx\/index.php?rest_route=%2Fwp%2Fv2%2Fcomments&post=63438"}],"version-history":[{"count":2,"href":"https:\/\/lospoliticosveracruz.com.mx\/index.php?rest_route=\/wp\/v2\/posts\/63438\/revisions"}],"predecessor-version":[{"id":63855,"href":"https:\/\/lospoliticosveracruz.com.mx\/index.php?rest_route=\/wp\/v2\/posts\/63438\/revisions\/63855"}],"wp:attachment":[{"href":"https:\/\/lospoliticosveracruz.com.mx\/index.php?rest_route=%2Fwp%2Fv2%2Fmedia&parent=63438"}],"wp:term":[{"taxonomy":"category","embeddable":true,"href":"https:\/\/lospoliticosveracruz.com.mx\/index.php?rest_route=%2Fwp%2Fv2%2Fcategories&post=63438"},{"taxonomy":"post_tag","embeddable":true,"href":"https:\/\/lospoliticosveracruz.com.mx\/index.php?rest_route=%2Fwp%2Fv2%2Ftags&post=63438"}],"curies":[{"name":"wp","href":"https:\/\/api.w.org\/{rel}","templated":true}]}}