{"id":63458,"date":"2020-11-05T16:09:42","date_gmt":"2020-11-05T22:09:42","guid":{"rendered":"http:\/\/www.lospoliticosveracruz.com.mx\/?p=63458"},"modified":"2020-11-05T16:09:42","modified_gmt":"2020-11-05T22:09:42","slug":"morena-dice-nones-a-yunistas","status":"publish","type":"post","link":"https:\/\/lospoliticosveracruz.com.mx\/?p=63458","title":{"rendered":"Morena dice nones a yunistas"},"content":{"rendered":"<p>&nbsp;<\/p>\n<p><strong>Enrique Yasser Pompeyo<\/strong><br \/>\n<em>Coatepec<\/em><\/p>\n<p>Con miras al proceso electoral de 2021, no se permitir\u00e1 que \u201coportunistas\u201d, ni mucho menos \u201cyunistas\u201d que hayan militado en el PRI y en el PAN participen en los comicios, advirti\u00f3 Gabriel Mar\u00edn Mora, de la Coordinaci\u00f3n de Morena en Coatepec.<br \/>\nAl respecto expuso: \u201cno vamos a permitir oportunistas que quieren llegar a trav\u00e9s del PT, siempre hemos pedido que se respete a las bases, en ese sentido decir que no queremos oportunistas que perfilen para ocupar un encargo p\u00fablico en el 2021\u201d.<br \/>\nMar\u00edn Mora manifest\u00f3 que existen personas que podr\u00edan participar que cumplen con los perfiles y que pueden desempe\u00f1ar un buen papel para los comicios.<br \/>\nEn ese sentido, dijo: \u201ctengo entendido que podr\u00edan participar y han demostrado mucho inter\u00e9s y que son de las bases, que son incluso de los que iniciaron Morena en Coatepec; al respecto lo que puedo decir es que hay otras personas ajenas al partido y militantes de otro como PT que quieran participar\u201d.<br \/>\nAsimismo, precis\u00f3 que los candidatos deben ser personas honestas que no hayan militado en partidos como el PRI y PAN, \u201cque no sea por dedazo la designaci\u00f3n, recordar que nosotros estamos haciendo un llamado a la unidad pero tambi\u00e9n le hemos pedido a los compa\u00f1eros que deseen sumarse hagan un trabajo con la militancia antes de postularse a un cargo p\u00fablico\u201d.<br \/>\nGabriel Mar\u00edn Mora reiter\u00f3 que no aceptar\u00e1n a candidatos \u201cyunistas\u201d, ni emanados del PRI y el PAN, pues record\u00f3 que han hecho \u201cmucho da\u00f1o\u201d al municipio de Coatepec, a Veracruz y a M\u00e9xico.<br \/>\nEl morenista agreg\u00f3: \u201cyunistas no, para nada, considero que en Morena hay compa\u00f1eros que cumplen con el perfil que podr\u00edan desempe\u00f1ar el papel en 2021 como representantes populares y no tienen la necesidad de trabajar con panistas y priistas que le han hecho mucho da\u00f1o al municipio, al estado y al pa\u00eds; Morena Coatepec le dice no de manera rotunda a esos oportunistas que buscan el poder por el poder\u201d.<\/p>\n","protected":false},"excerpt":{"rendered":"<p>&nbsp; Enrique Yasser Pompeyo Coatepec Con miras al proceso electoral de 2021, no se permitir\u00e1 que \u201coportunistas\u201d, ni mucho menos \u201cyunistas\u201d que hayan militado en el PRI y en el PAN participen en los comicios, advirti\u00f3 Gabriel Mar\u00edn Mora, de la Coordinaci\u00f3n de Morena en Coatepec. Al respecto expuso: \u201cno vamos a permitir oportunistas que [&hellip;]<\/p>\n","protected":false},"author":2,"featured_media":0,"comment_status":"open","ping_status":"open","sticky":false,"template":"","format":"standard","meta":{"_jetpack_newsletter_access":"","_jetpack_dont_email_post_to_subs":false,"_jetpack_newsletter_tier_id":0,"_jetpack_memberships_contains_paywalled_content":false,"_jetpack_memberships_contains_paid_content":false,"footnotes":""},"categories":[6446],"tags":[1818,23335,1026,23336,23337,266,251,2289],"class_list":["post-63458","post","type-post","status-publish","format-standard","hentry","category-la-nota","tag-candidatos","tag-gabriel-marin-mora","tag-morena","tag-morena-en-coatepec","tag-no-se-permitira-oportunistas","tag-pan","tag-pri","tag-pt"],"jetpack_featured_media_url":"","jetpack_sharing_enabled":true,"jetpack_shortlink":"https:\/\/wp.me\/p4Qcd3-gvw","_links":{"self":[{"href":"https:\/\/lospoliticosveracruz.com.mx\/index.php?rest_route=\/wp\/v2\/posts\/63458","targetHints":{"allow":["GET"]}}],"collection":[{"href":"https:\/\/lospoliticosveracruz.com.mx\/index.php?rest_route=\/wp\/v2\/posts"}],"about":[{"href":"https:\/\/lospoliticosveracruz.com.mx\/index.php?rest_route=\/wp\/v2\/types\/post"}],"author":[{"embeddable":true,"href":"https:\/\/lospoliticosveracruz.com.mx\/index.php?rest_route=\/wp\/v2\/users\/2"}],"replies":[{"embeddable":true,"href":"https:\/\/lospoliticosveracruz.com.mx\/index.php?rest_route=%2Fwp%2Fv2%2Fcomments&post=63458"}],"version-history":[{"count":1,"href":"https:\/\/lospoliticosveracruz.com.mx\/index.php?rest_route=\/wp\/v2\/posts\/63458\/revisions"}],"predecessor-version":[{"id":63461,"href":"https:\/\/lospoliticosveracruz.com.mx\/index.php?rest_route=\/wp\/v2\/posts\/63458\/revisions\/63461"}],"wp:attachment":[{"href":"https:\/\/lospoliticosveracruz.com.mx\/index.php?rest_route=%2Fwp%2Fv2%2Fmedia&parent=63458"}],"wp:term":[{"taxonomy":"category","embeddable":true,"href":"https:\/\/lospoliticosveracruz.com.mx\/index.php?rest_route=%2Fwp%2Fv2%2Fcategories&post=63458"},{"taxonomy":"post_tag","embeddable":true,"href":"https:\/\/lospoliticosveracruz.com.mx\/index.php?rest_route=%2Fwp%2Fv2%2Ftags&post=63458"}],"curies":[{"name":"wp","href":"https:\/\/api.w.org\/{rel}","templated":true}]}}