{"id":63464,"date":"2020-11-05T17:25:23","date_gmt":"2020-11-05T23:25:23","guid":{"rendered":"http:\/\/www.lospoliticosveracruz.com.mx\/?p=63464"},"modified":"2020-11-13T10:19:20","modified_gmt":"2020-11-13T16:19:20","slug":"para-que-se-les-antoje-cordoba","status":"publish","type":"post","link":"https:\/\/lospoliticosveracruz.com.mx\/?p=63464","title":{"rendered":"Para que se les antoje C\u00f3rdoba!"},"content":{"rendered":"<p>&nbsp;<\/p>\n<p><a href=\"http:\/\/www.lospoliticosveracruz.com.mx\/wp-content\/uploads\/2020\/11\/Consume-C\u00f3rdoba-C.jpg\"><img loading=\"lazy\" decoding=\"async\" class=\"alignleft size-full wp-image-63721\" src=\"http:\/\/www.lospoliticosveracruz.com.mx\/wp-content\/uploads\/2020\/11\/Consume-C\u00f3rdoba-C.jpg\" alt=\"Consume C\u00f3rdoba C\" width=\"375\" height=\"627\" \/><\/a>Productores y artistas de C\u00f3rdoba participaron este jueves en la nueva edici\u00f3n del programa Orgullo Veracruzano que tuvo su sede en la terminal de autobuses ADO de Tuxtla Guti\u00e9rrez, Chiapas, donde presentaron las bondades gastron\u00f3micas, culturales e hist\u00f3ricas de nuestro municipio en representaci\u00f3n de la regi\u00f3n de las altas monta\u00f1as de Veracruz.<br \/>\nA trav\u00e9s de esta plataforma itinerante se promueven productos de Veracruz, se facilita el acercamiento entre los municipios veracruzanos mientras , adem\u00e1s de que se impulsa el turismo en la diversas regiones de la entidad veracruzana, destac\u00f3 el secretario de gobierno Eric Cisneros Burgos.<br \/>\nReiter\u00f3 que Orgullo Veracruzano es un modelo de integraci\u00f3n social, que fortalece la paz y el desarrollo entre los pueblos y municipios veracruzanos con otras entidades de la Rep\u00fablica Mexicana a trav\u00e9s de la promoci\u00f3n de los atractivos tur\u00edsticos con los que cuenta Veracruz.<br \/>\nDurante el acto protocolario, compa\u00f1\u00edas de danza folcl\u00f3rica de C\u00f3rdoba dieron muestra del jolgorio veracruzano, a trav\u00e9s de diversas estampas propias de la entidad.<br \/>\nEn la presentaci\u00f3n de este programa estuvieron presentes la secretaria de Turismo del estado de Chiapas, Katyna de la Vega Grajales y el gerente general de Mobility ADO en la zona, Arturo Garc\u00eda Miranda.<\/p>\n","protected":false},"excerpt":{"rendered":"<p>&nbsp; Productores y artistas de C\u00f3rdoba participaron este jueves en la nueva edici\u00f3n del programa Orgullo Veracruzano que tuvo su sede en la terminal de autobuses ADO de Tuxtla Guti\u00e9rrez, Chiapas, donde presentaron las bondades gastron\u00f3micas, culturales e hist\u00f3ricas de nuestro municipio en representaci\u00f3n de la regi\u00f3n de las altas monta\u00f1as de Veracruz. A trav\u00e9s [&hellip;]<\/p>\n","protected":false},"author":2,"featured_media":0,"comment_status":"open","ping_status":"open","sticky":false,"template":"","format":"standard","meta":{"_jetpack_newsletter_access":"","_jetpack_dont_email_post_to_subs":false,"_jetpack_newsletter_tier_id":0,"_jetpack_memberships_contains_paywalled_content":false,"_jetpack_memberships_contains_paid_content":false,"footnotes":""},"categories":[73],"tags":[12299,23340,7641,18347,23339,1815],"class_list":["post-63464","post","type-post","status-publish","format-standard","hentry","category-de-boleto","tag-eric-cisneros-burgos","tag-katyna-de-la-vega-grajales","tag-leticia-lopez-landero","tag-orgullo-veracruzano","tag-promueven-productos-de-veracruz","tag-secretaria-de-turismo"],"jetpack_featured_media_url":"","jetpack_sharing_enabled":true,"jetpack_shortlink":"https:\/\/wp.me\/p4Qcd3-gvC","_links":{"self":[{"href":"https:\/\/lospoliticosveracruz.com.mx\/index.php?rest_route=\/wp\/v2\/posts\/63464","targetHints":{"allow":["GET"]}}],"collection":[{"href":"https:\/\/lospoliticosveracruz.com.mx\/index.php?rest_route=\/wp\/v2\/posts"}],"about":[{"href":"https:\/\/lospoliticosveracruz.com.mx\/index.php?rest_route=\/wp\/v2\/types\/post"}],"author":[{"embeddable":true,"href":"https:\/\/lospoliticosveracruz.com.mx\/index.php?rest_route=\/wp\/v2\/users\/2"}],"replies":[{"embeddable":true,"href":"https:\/\/lospoliticosveracruz.com.mx\/index.php?rest_route=%2Fwp%2Fv2%2Fcomments&post=63464"}],"version-history":[{"count":2,"href":"https:\/\/lospoliticosveracruz.com.mx\/index.php?rest_route=\/wp\/v2\/posts\/63464\/revisions"}],"predecessor-version":[{"id":63856,"href":"https:\/\/lospoliticosveracruz.com.mx\/index.php?rest_route=\/wp\/v2\/posts\/63464\/revisions\/63856"}],"wp:attachment":[{"href":"https:\/\/lospoliticosveracruz.com.mx\/index.php?rest_route=%2Fwp%2Fv2%2Fmedia&parent=63464"}],"wp:term":[{"taxonomy":"category","embeddable":true,"href":"https:\/\/lospoliticosveracruz.com.mx\/index.php?rest_route=%2Fwp%2Fv2%2Fcategories&post=63464"},{"taxonomy":"post_tag","embeddable":true,"href":"https:\/\/lospoliticosveracruz.com.mx\/index.php?rest_route=%2Fwp%2Fv2%2Ftags&post=63464"}],"curies":[{"name":"wp","href":"https:\/\/api.w.org\/{rel}","templated":true}]}}