{"id":63504,"date":"2020-11-06T18:56:24","date_gmt":"2020-11-07T00:56:24","guid":{"rendered":"http:\/\/www.lospoliticosveracruz.com.mx\/?p=63504"},"modified":"2020-11-06T19:12:39","modified_gmt":"2020-11-07T01:12:39","slug":"debio-ser-pepe","status":"publish","type":"post","link":"https:\/\/lospoliticosveracruz.com.mx\/?p=63504","title":{"rendered":"Debi\u00f3 ser Pepe!"},"content":{"rendered":"<p>&nbsp;<\/p>\n<p>En la elecci\u00f3n del 2021, la ciudadan\u00eda va a analizar lo que se cumpli\u00f3 contra lo prometido, porque no es lo mismo decir que hacer, y este gobierno, lleva 22 meses mintiendo, y quit\u00e1ndole a la gente los programas que le hacen falta, afirm\u00f3 Marlon Ram\u00edrez Mar\u00edn, presidente del CDE del PRI en Veracruz.<br \/>\nA 200 d\u00edas de la jornada electoral, \u201cy de volvernos a ver las caras en las urnas, que es donde la gente se expresa, yo les digo que: si nos organizamos, si nos activamos, nos reencontramos, nos reunimos y entendemos que no se trata de personas o aspiraciones personales, sino de Veracruz y de nuestros hijos, nos va a ir bien\u201d.<br \/>\nDurante la toma de protesta de integrantes de los Comit\u00e9s Municipales del PRI en el distrito 09, y de los integrantes de las dirigencias municipales de la Red de J\u00f3venes por M\u00e9xico en Veracruz, presidida en el estado por Carlos Rugerio Mart\u00ednez, en los municipios de: Perote, Atzalan, Jalacingo, Villa Aldama, Las Vigas, Las Minas, Tatatila, record\u00f3 que una semana antes de ir al proceso electivo en 2018, \u201cdijimos que el tiempo iba a reivindicar y a poner en su lugar a cada quien, adem\u00e1s de dar la raz\u00f3n a quien la tiene y a quien no.\u201d<br \/>\n\u201cHoy, a poco m\u00e1s de dos a\u00f1os de distancia, el tiempo nos dio la raz\u00f3n, el gobernador de Veracruz debi\u00f3 ser Jos\u00e9 Francisco Yunes Zorrilla, pero hoy la gente se est\u00e1 dando cuenta sola, de que no es lo mismo prometer que hacer, decir que caminar, y que no es lo mismo ofertar que cumplir. Veracruz se dio cuenta que, aunque las comparaciones son odiosas, ten\u00edamos raz\u00f3n en haberlo propuesto como candidato\u201d, expres\u00f3, y pidi\u00f3 a Pablo Gonz\u00e1lez Madrazo, persona cercana y del equipo de trabajo del ex candidato a la gubernatura de Veracruz por el PRI, ser el portavoz del mensaje.<br \/>\nRefiri\u00f3 que, en Perote, el PRI ha gobernado y lo ha hecho bien, con resultados, \u201cy la gente se da cuenta de que estamos del lado de quienes menos tienen. Logramos ser un gobierno que luchaba contra la pobreza, dando elementos para combatirla, no para conformarse qued\u00e1ndose en ella.\u201d<br \/>\nCritic\u00f3 que este Gobierno del Estado, prefiere devolverle el dinero a la Federaci\u00f3n que hacer obras y caminos, y al igual que el Gobierno Federal, han quitado programas de apoyo para diversos sectores, como la investigaci\u00f3n, el campo, o para las amas de casa y mujeres trabajadoras.<br \/>\n\u201cHoy el PRI, con mucha humildad, con mucha sencillez y a trav\u00e9s de un servidor que solo soy el dirigente del partido, les vengo a pedir humildemente, con toda la modestia de la que puede hacer gala el nieto de un campesino como lo soy yo, que nos ayuden a ayudar a nuestra gente\u201d, expres\u00f3.<br \/>\nReiter\u00f3 que, ante las acusaciones de corrupci\u00f3n contra el PRI, fue este partido el que hizo el Instituto Nacional Electoral (INE), as\u00ed como los tribunales electorales, \u201cy hoy que est\u00e1n los honestos, desbaratan la ley electoral; y les digo a Villa Aldama, Atzalan, Altotonga, y Jalacingo, hay que poner manos a la obra y hay que tener cuidado porque se quieren robar la elecci\u00f3n, porque no van a permitir que cuenten los votos en sus municipios.<br \/>\nEn su mensaje, Gerardo de Jes\u00fas Vergara Le\u00f3n, presidente del Comit\u00e9 Municipal del PRI en Perote, se\u00f1al\u00f3 que el PRI tiene organizaci\u00f3n, convicci\u00f3n, lealtad y pasi\u00f3n de sus integrantes, y se tiene claro que tiene la experiencia y madurez para llevar las riendas del estado, del pa\u00eds y dar frente a las necesidades y problemas con gente \u00edntegra y comprometida como los que integran cada comit\u00e9 municipal.<br \/>\nPor su parte, Ioni Alberto Quinto M\u00e9ndez, presidente de la Red de J\u00f3venes por M\u00e9xico en Atzalan, asegur\u00f3 que en la Red se encuentran listos para dar la cara por el partido y expres\u00f3: \u201ccuentan con sus j\u00f3venes y nosotros contamos con ustedes, tengan seguridad que unidos somos m\u00e1s fuertes y en este distrito no solo vamos a ganar, vamos a arrasar.\u201d<br \/>\nAsimismo, Juan Francisco Herbert Rivera, ex dirigente del Frente Juvenil Revolucionario, enfatiz\u00f3 que hoy los j\u00f3venes que quieren participar en pol\u00edtica quieren aportar su capacidad, energ\u00eda, sus conocimientos y vocaci\u00f3n de servicio a la gente. \u201cLos que estamos presentes, tenemos una responsabilidad enorme hacia el futuro, pues est\u00e1 en riesgo algo que nos tom\u00f3 much\u00edsimos a\u00f1os como sociedad y partido construir: las instituciones, los derechos adquiridos y la democracia misma.\u201d<br \/>\nRindieron protesta, como presidente del Comit\u00e9 Municipal de Perote: Gerardo de Jes\u00fas Vergara Le\u00f3n; como secretaria general, Ivanna Paola Robledo Melgar; del Comit\u00e9 de Jalacingo: como presidente V\u00edctor Manuel Ruiz Garc\u00eda, y como secretaria general, Claudia Isabel Garcimarrero Jaimes; del Comit\u00e9 Municipal de Atzalan: como presidente, Carlos Garc\u00eda Dom\u00ednguez, y como secretaria general, Ana Briseida Castellanos Olivares.<br \/>\nDel Comit\u00e9 de las Minas: como presidente, Isidra Rangel Hern\u00e1ndez, y como secretario general, Miguel \u00c1ngel Ortiz Colorado; del Comit\u00e9 de Las Vigas: como presidente: Gualberto Salazar Becerra y como secretaria general, Vania Marlen Aburto Adame; del Comit\u00e9 de Villa Aldama: como presidente, Pedro Angelino M\u00e9ndez, y como secretaria general, Mar\u00eda Luisa Hip\u00f3lito D\u00edaz.<br \/>\nEstuvieron presentes tambi\u00e9n en la reuni\u00f3n: Zeferino Tejeda Uscanga delegado especial en la zona de Perote; Joel Arcos Rold\u00e1n, secretario de Alianzas y Desarrollo Pol\u00edtico; Ernesto Alarc\u00f3n Trujillo, secretario de Atenci\u00f3n a Municipios en Oposici\u00f3n; integrantes del CDE del partido; representantes de sectores y organizaciones; militantes y simpatizantes.<\/p>\n","protected":false},"excerpt":{"rendered":"<p>&nbsp; En la elecci\u00f3n del 2021, la ciudadan\u00eda va a analizar lo que se cumpli\u00f3 contra lo prometido, porque no es lo mismo decir que hacer, y este gobierno, lleva 22 meses mintiendo, y quit\u00e1ndole a la gente los programas que le hacen falta, afirm\u00f3 Marlon Ram\u00edrez Mar\u00edn, presidente del CDE del PRI en Veracruz. [&hellip;]<\/p>\n","protected":false},"author":2,"featured_media":0,"comment_status":"open","ping_status":"open","sticky":false,"template":"","format":"standard","meta":{"_jetpack_newsletter_access":"","_jetpack_dont_email_post_to_subs":false,"_jetpack_newsletter_tier_id":0,"_jetpack_memberships_contains_paywalled_content":false,"_jetpack_memberships_contains_paid_content":false,"footnotes":""},"categories":[73],"tags":[3358,3914,23367,3752,554,1846,2908,23368,148,195],"class_list":["post-63504","post","type-post","status-publish","format-standard","hentry","category-de-boleto","tag-carlos-rugerio-martinez","tag-cde-del-pri","tag-eleccion-del-2021","tag-gobernador-de-veracruz","tag-ine","tag-jose-francisco-yunes-zorrilla","tag-marlon-ramirez-marin","tag-pablo-gonzalez-madrazo","tag-perote","tag-veracruz"],"jetpack_featured_media_url":"","jetpack_sharing_enabled":true,"jetpack_shortlink":"https:\/\/wp.me\/p4Qcd3-gwg","_links":{"self":[{"href":"https:\/\/lospoliticosveracruz.com.mx\/index.php?rest_route=\/wp\/v2\/posts\/63504","targetHints":{"allow":["GET"]}}],"collection":[{"href":"https:\/\/lospoliticosveracruz.com.mx\/index.php?rest_route=\/wp\/v2\/posts"}],"about":[{"href":"https:\/\/lospoliticosveracruz.com.mx\/index.php?rest_route=\/wp\/v2\/types\/post"}],"author":[{"embeddable":true,"href":"https:\/\/lospoliticosveracruz.com.mx\/index.php?rest_route=\/wp\/v2\/users\/2"}],"replies":[{"embeddable":true,"href":"https:\/\/lospoliticosveracruz.com.mx\/index.php?rest_route=%2Fwp%2Fv2%2Fcomments&post=63504"}],"version-history":[{"count":2,"href":"https:\/\/lospoliticosveracruz.com.mx\/index.php?rest_route=\/wp\/v2\/posts\/63504\/revisions"}],"predecessor-version":[{"id":63512,"href":"https:\/\/lospoliticosveracruz.com.mx\/index.php?rest_route=\/wp\/v2\/posts\/63504\/revisions\/63512"}],"wp:attachment":[{"href":"https:\/\/lospoliticosveracruz.com.mx\/index.php?rest_route=%2Fwp%2Fv2%2Fmedia&parent=63504"}],"wp:term":[{"taxonomy":"category","embeddable":true,"href":"https:\/\/lospoliticosveracruz.com.mx\/index.php?rest_route=%2Fwp%2Fv2%2Fcategories&post=63504"},{"taxonomy":"post_tag","embeddable":true,"href":"https:\/\/lospoliticosveracruz.com.mx\/index.php?rest_route=%2Fwp%2Fv2%2Ftags&post=63504"}],"curies":[{"name":"wp","href":"https:\/\/api.w.org\/{rel}","templated":true}]}}