{"id":63528,"date":"2020-11-07T10:32:52","date_gmt":"2020-11-07T16:32:52","guid":{"rendered":"http:\/\/www.lospoliticosveracruz.com.mx\/?p=63528"},"modified":"2020-11-13T10:35:09","modified_gmt":"2020-11-13T16:35:09","slug":"por-manchado-lo-denunciaran","status":"publish","type":"post","link":"https:\/\/lospoliticosveracruz.com.mx\/?p=63528","title":{"rendered":"Por manchado, lo denunciar\u00e1n"},"content":{"rendered":"<p>&nbsp;<\/p>\n<p><a href=\"http:\/\/www.lospoliticosveracruz.com.mx\/wp-content\/uploads\/2020\/11\/Consume-C\u00f3rdoba-A.jpg\"><img loading=\"lazy\" decoding=\"async\" class=\"alignleft size-full wp-image-63719\" src=\"http:\/\/www.lospoliticosveracruz.com.mx\/wp-content\/uploads\/2020\/11\/Consume-C\u00f3rdoba-A.jpg\" alt=\"Consume C\u00f3rdoba A\" width=\"375\" height=\"627\" \/><\/a>Por desviaci\u00f3n de recursos y diversos delitos electorales, ser\u00e1 denunciado ante la Fiscal\u00eda Anticorrupci\u00f3n el alcalde de Tuxpan Juan Antonio Aguilar Mancha.<br \/>\nEl legislador federal de MORENA, Marco Antonio Medina P\u00e9rez, presentar\u00e1 pruebas d\u00f3nde el gobierno municipal de Aguilar Mancha se apropi\u00f3 de programas estatales que impulsa el Gobernador Cuitl\u00e1huac Garc\u00eda Jim\u00e9nez.<br \/>\nDe acuerdo con el diputado federal, el alcalde tuxpe\u00f1o promueve el programa temporal de empleo del gobierno veracruzano con colores del PAN.<br \/>\nAunado a ello tambi\u00e9n exhorta que se inscriban en las instalaciones del gobierno municipal, tomando los datos particulares de los solicitantes, a pesar de que en la convocatoria se se\u00f1ala un lugar distinto para hacerlo, explic\u00f3 el diputado morenista.<br \/>\n\u00abA trav\u00e9s de las direcciones de Comercio y Desarrollo Agropecuario del ayuntamiento tuxpe\u00f1o, incurre en delitos electorales al usar programas sociales federales para proyectar pol\u00edticamente a sus parientes, a quienes invita a reuniones donde se visten pol\u00edticamente con estos programas y acciones que deben ser eminentemente sociales y no pol\u00edticos, por lo que el alcalde Aguilar esta lucrando pol\u00edticamente y electoralmente con temas que de esa forma configuran delitos electorales.\u00bb<br \/>\nMedina P\u00e9rez, inform\u00f3 que prepara una carpeta para presentar oficialmente una denuncia contra el alcalde de Tuxpan por desviaci\u00f3n de recursos y otros delitos electorales.<\/p>\n","protected":false},"excerpt":{"rendered":"<p>&nbsp; Por desviaci\u00f3n de recursos y diversos delitos electorales, ser\u00e1 denunciado ante la Fiscal\u00eda Anticorrupci\u00f3n el alcalde de Tuxpan Juan Antonio Aguilar Mancha. El legislador federal de MORENA, Marco Antonio Medina P\u00e9rez, presentar\u00e1 pruebas d\u00f3nde el gobierno municipal de Aguilar Mancha se apropi\u00f3 de programas estatales que impulsa el Gobernador Cuitl\u00e1huac Garc\u00eda Jim\u00e9nez. De acuerdo [&hellip;]<\/p>\n","protected":false},"author":2,"featured_media":0,"comment_status":"open","ping_status":"open","sticky":false,"template":"","format":"standard","meta":{"_jetpack_newsletter_access":"","_jetpack_dont_email_post_to_subs":false,"_jetpack_newsletter_tier_id":0,"_jetpack_memberships_contains_paywalled_content":false,"_jetpack_memberships_contains_paid_content":false,"footnotes":""},"categories":[6446],"tags":[1563,7968,23379,5576,16134,3711,1026,266,203],"class_list":["post-63528","post","type-post","status-publish","format-standard","hentry","category-la-nota","tag-cuitlahuac-garcia-jimenez","tag-delitos-electorales","tag-desviacion-de-recursos","tag-fiscalia-anticorrupcion","tag-juan-antonio-aguilar-mancha","tag-marco-antonio-medina-perez","tag-morena","tag-pan","tag-tuxpan"],"jetpack_featured_media_url":"","jetpack_sharing_enabled":true,"jetpack_shortlink":"https:\/\/wp.me\/p4Qcd3-gwE","_links":{"self":[{"href":"https:\/\/lospoliticosveracruz.com.mx\/index.php?rest_route=\/wp\/v2\/posts\/63528","targetHints":{"allow":["GET"]}}],"collection":[{"href":"https:\/\/lospoliticosveracruz.com.mx\/index.php?rest_route=\/wp\/v2\/posts"}],"about":[{"href":"https:\/\/lospoliticosveracruz.com.mx\/index.php?rest_route=\/wp\/v2\/types\/post"}],"author":[{"embeddable":true,"href":"https:\/\/lospoliticosveracruz.com.mx\/index.php?rest_route=\/wp\/v2\/users\/2"}],"replies":[{"embeddable":true,"href":"https:\/\/lospoliticosveracruz.com.mx\/index.php?rest_route=%2Fwp%2Fv2%2Fcomments&post=63528"}],"version-history":[{"count":2,"href":"https:\/\/lospoliticosveracruz.com.mx\/index.php?rest_route=\/wp\/v2\/posts\/63528\/revisions"}],"predecessor-version":[{"id":63865,"href":"https:\/\/lospoliticosveracruz.com.mx\/index.php?rest_route=\/wp\/v2\/posts\/63528\/revisions\/63865"}],"wp:attachment":[{"href":"https:\/\/lospoliticosveracruz.com.mx\/index.php?rest_route=%2Fwp%2Fv2%2Fmedia&parent=63528"}],"wp:term":[{"taxonomy":"category","embeddable":true,"href":"https:\/\/lospoliticosveracruz.com.mx\/index.php?rest_route=%2Fwp%2Fv2%2Fcategories&post=63528"},{"taxonomy":"post_tag","embeddable":true,"href":"https:\/\/lospoliticosveracruz.com.mx\/index.php?rest_route=%2Fwp%2Fv2%2Ftags&post=63528"}],"curies":[{"name":"wp","href":"https:\/\/api.w.org\/{rel}","templated":true}]}}