{"id":63685,"date":"2020-11-11T08:29:41","date_gmt":"2020-11-11T14:29:41","guid":{"rendered":"http:\/\/www.lospoliticosveracruz.com.mx\/?p=63685"},"modified":"2020-11-11T08:29:41","modified_gmt":"2020-11-11T14:29:41","slug":"la-rebelion-en-tabasco","status":"publish","type":"post","link":"https:\/\/lospoliticosveracruz.com.mx\/?p=63685","title":{"rendered":"La rebeli\u00f3n en Tabasco"},"content":{"rendered":"<p>&nbsp;<\/p>\n<p><strong>Ricardo Ch\u00faa<\/strong><br \/>\n<em>Sale y Vale<\/em><br \/>\nEXCLUSIVA&#8230; S\u00f3lo para \u00abtundes\u00bb&#8230; Es probable que el pr\u00f3ximo viernes haya \u00abHUMO BLANCO\u00bb en la Comisi\u00f3n Estatal Para la Protecci\u00f3n a Periodistas (CEAPP) y se conozca de manera oficial a la persona que propondr\u00e1 el gobernador, Cuitl\u00e1huac Garc\u00eda para que se elija y se apruebe al nuevo presidente de este organismo aut\u00f3nomo&#8230; NO HABR\u00c1 SORPRESAS&#8230; Va una mujer, la que ser\u00e1 sustituta del cargo que ahora ostenta la \u00abvecina\u00bb Ana Laura P\u00e9rez Mendoza&#8230;<\/p>\n<p>&nbsp;<a href=\"https:\/\/www.facebook.com\/notaria61veracruz\/\"><img decoding=\"async\" src=\"http:\/\/www.lospoliticosveracruz.com.mx\/wp-content\/uploads\/2020\/07\/CINTILLO-Armando.jpg\" alt=\"\" \/><\/a><\/p>\n<p>Seguramente este fin de semana pr\u00f3ximo o los primeros d\u00edas de la pr\u00f3xima&#8230; Es probable que se empiecen a manejar los nombres reales, no especulaciones, de quienes ser\u00e1n los personajes, que podr\u00edan ir como Comisionados y que acompa\u00f1en al que ser\u00e1 el nuevo presidente de la Comisi\u00f3n&#8230; Ya dif\u00edcilmente habr\u00e1 cambios al respecto porque la decisi\u00f3n est\u00e1 tomada, avalada y hasta negociada&#8230; Al final, Cuitl\u00e1huac ejercer\u00e1 su derecho que le faculta la ley de postular al que ser\u00e1 el nuevo titular de la CEAPP&#8230; CONSUMATUM EST&#8230;<\/p>\n<p>LA REBELI\u00d3N&#8230; Pese a lo que puedan decir sobre el tema&#8230; En MORENA y el gobierno federal junto con sus administraciones estatales, viven los estragos de las inundaciones, los da\u00f1os por el COVID y los severos saldos dejados en la poblaci\u00f3n por la crisis econ\u00f3mica&#8230; Sobre todo en las entidades del sureste del pa\u00eds&#8230; Donde se supone es fuerte el \u00ablopezobradorismo\u00bb y los Morenos&#8230; Ah\u00ed est\u00e1 el principal \u00abquiebre\u00bb entre ellos.. El ejemplo es el gobernador de Tabasco, Ad\u00e1n Augusto L\u00f3pez y el director de CFE, Manuel Bartlett&#8230; Quieren m\u00e1s&#8230;<br \/>\nLo que pueda estar sucediendo en este momento entre los gobiernos federal y estatal de MORENA&#8230; Es que se pueda estar gestando LA PRIMERA GRAN REBELI\u00d3N de los mandatarios estatales de los Morenos&#8230; OJO no contra L\u00f3pez Obrador&#8230;. Sino contra los altos funcionarios de su gabinete federal, que los mandatarios estatales, los tienen considerados como unos OGTS&#8230; Por eso, la divisi\u00f3n entre ellos, es m\u00e1s que notoria&#8230; Si esto es una rebeli\u00f3n, qu\u00e9 postura tomar\u00e1 el gobernador de Veracruz, Cuitl\u00e1huac Garc\u00eda Jim\u00e9nez&#8230; Es la duda???&#8230;<br \/>\nPero independientemente del pleito de los gobernadores y los altos funcionarios del gobierno de AMLO&#8230; Lo que es un hecho, es que de MORENA, el gobernador de Tabasco, Ad\u00e1n Augusto L\u00f3pez junto con el de Chiapas, Rutilio Escand\u00f3n&#8230; Son los mandatarios estatales m\u00e1s experimentados que tiene este partido pol\u00edtico&#8230; Los dos ex priistas, los dos \u00abdinosaurios\u00bb, que pasaron del priismo al Morenismo&#8230;. Es decir, se \u00abcambian de pijama\u00bb y no hay problema&#8230;<br \/>\nY al final de cuentas, Augusto L\u00f3pez tiene que pelear de esa manera contra el director de la CFE, Manuel Bartlett. porque el gobernador tabasque\u00f1o&#8230; No qued\u00f3 bien parado con la que fue a decir a Tabasco L\u00f3pez Obtador, el pasado domingo cuando la inundaci\u00f3n de estos municipios estaba en su apogeo&#8230;.Y no lo dej\u00f3 bien parado porque todo se lo endilgan a \u00e9l y eso no le gusto al mandatario estatal&#8230; Por eso, le hace frente a uno de los hombres m\u00e1s fuertes del gabinete de AMLO porque el Presidente anda desconcertado&#8230;<br \/>\nAprovech\u00e1ndose de esta coyuntura es que un gobernador con un \u00abcolmillo retorcido\u00bb como lo es Augusto L\u00f3pez, se enfrenta contra altos funcionarios federales&#8230; Ya que a pesar del gran apoyo social que pueda presumir L\u00f3pez Obrador en el pa\u00eds&#8230; Pol\u00edticamente est\u00e1 d\u00e9bil, y eso lo pueden aprovechar hasta los de \u00abcasa\u00bb para cobrarle algunas afrentas&#8230; M\u00e1s ahora que en muchas entidades del pa\u00eds, ya le est\u00e1n \u00abcuajando\u00bb la famosa alianza opositora PRI-PAN-PRD&#8230;<br \/>\nSi realmente tuviera una FORTALEZA real&#8230; Esta alianza de partidos, no se hubiera concretado&#8230; Pero al parecer no son las \u00fanicas&#8230; Adem\u00e1s AMLO ahora est\u00e1 metido en problemas de pol\u00edtica exterior, al no reconocer el triunfo de Joe Biden como el pr\u00f3ximo Presidente de EEUU&#8230; Adem\u00e1s tambi\u00e9n tiene encima el tema P\u00edo L\u00f3pez Obrador&#8230; Y otros m\u00e1s que lo traen demasiado distra\u00eddo &#8230; Podr\u00e1 recuperarse de todos estos rev\u00e9s antes del 2021&#8230; Es la OTRA DUDA&#8230;<br \/>\nOJO.. Si en dado caso este pleito entre CFE y el gobierno de Tabasco contin\u00faa&#8230; Qu\u00e9 har\u00e1n los otros gobernadores de MORENA&#8230; Si su hom\u00f3logo, Ad\u00e1n Augusto L\u00f3pez, les solicita solidariamente, el apoyo para enfrentar a Manuel Bartlett, en este pleito que apenas inicia&#8230; Gobernadores como Cuitl\u00e1huac Garc\u00eda&#8230; \u00bfle DAR\u00cdAN SU APOYO? al tabasque\u00f1o&#8230; Ellos han firmado acuerdos para apoyar a L\u00f3pez Obrador cuando los gobernadores ALIANCISTAS no se dejan&#8230; Por qu\u00e9 ac\u00e1 deber\u00eda ser diferente con uno de casa&#8230;. \u00bfVeracruz apoyar\u00eda a Tabasco?&#8230; AMEN&#8230;.<\/p>\n<p>LA OTRA VERSI\u00d3N.. Hay otra gente sensata que tiene la idea de este pleito de CFE y el gobierno de Tabasco&#8230; Se da principalmente porque Augusto L\u00f3pez recibi\u00f3 una instrucci\u00f3n del Presidente de M\u00e9xico, Andr\u00e9s Manuel L\u00f3pez Obrador&#8230; De que siguiera en curso la idea del tabasque\u00f1o de demandar penalmente a Bartlett por el tema de la negligencia criminal por las inundaciones en aquel estado ..<br \/>\nLo \u00fanico que estar\u00edamos esperando ver&#8230; Es saber si esta denuncia penal que va en contra del funcionario de AMLO, es de verdad o s\u00f3lo es para bajar la presi\u00f3n de la sociedad civil, por todo lo ocurrido en Tabasco con las inundaciones y las desgracias materiales y humanas donde se han cobrado v\u00edctimas&#8230; Pero para saberlo a ciencia cierta&#8230; Habr\u00e1 que esperar, no queda de otra&#8230; Ya que muchas ocasiones este tipo de \u00abrebeliones\u00bb son PACTADAS&#8230; Ad\u00e1n Augusto L\u00f3pez y su gobierno tienen la \u00faltima palabra&#8230; AMEN&#8230;<\/p>\n","protected":false},"excerpt":{"rendered":"<p>&nbsp; Ricardo Ch\u00faa Sale y Vale EXCLUSIVA&#8230; S\u00f3lo para \u00abtundes\u00bb&#8230; Es probable que el pr\u00f3ximo viernes haya \u00abHUMO BLANCO\u00bb en la Comisi\u00f3n Estatal Para la Protecci\u00f3n a Periodistas (CEAPP) y se conozca de manera oficial a la persona que propondr\u00e1 el gobernador, Cuitl\u00e1huac Garc\u00eda para que se elija y se apruebe al nuevo presidente de [&hellip;]<\/p>\n","protected":false},"author":2,"featured_media":0,"comment_status":"open","ping_status":"open","sticky":false,"template":"","format":"standard","meta":{"_jetpack_newsletter_access":"","_jetpack_dont_email_post_to_subs":false,"_jetpack_newsletter_tier_id":0,"_jetpack_memberships_contains_paywalled_content":false,"_jetpack_memberships_contains_paid_content":false,"footnotes":""},"categories":[70],"tags":[4476,4973,544,1563,23179,1003,12040,1026,23495,2231],"class_list":["post-63685","post","type-post","status-publish","format-standard","hentry","category-de-opinion","tag-ceapp","tag-cfe","tag-chiapas","tag-cuitlahuac-garcia-jimenez","tag-joe-biden","tag-lopez-obrador","tag-manuel-bartlett","tag-morena","tag-rutilio-escandon","tag-tabasco"],"jetpack_featured_media_url":"","jetpack_sharing_enabled":true,"jetpack_shortlink":"https:\/\/wp.me\/p4Qcd3-gzb","_links":{"self":[{"href":"https:\/\/lospoliticosveracruz.com.mx\/index.php?rest_route=\/wp\/v2\/posts\/63685","targetHints":{"allow":["GET"]}}],"collection":[{"href":"https:\/\/lospoliticosveracruz.com.mx\/index.php?rest_route=\/wp\/v2\/posts"}],"about":[{"href":"https:\/\/lospoliticosveracruz.com.mx\/index.php?rest_route=\/wp\/v2\/types\/post"}],"author":[{"embeddable":true,"href":"https:\/\/lospoliticosveracruz.com.mx\/index.php?rest_route=\/wp\/v2\/users\/2"}],"replies":[{"embeddable":true,"href":"https:\/\/lospoliticosveracruz.com.mx\/index.php?rest_route=%2Fwp%2Fv2%2Fcomments&post=63685"}],"version-history":[{"count":1,"href":"https:\/\/lospoliticosveracruz.com.mx\/index.php?rest_route=\/wp\/v2\/posts\/63685\/revisions"}],"predecessor-version":[{"id":63687,"href":"https:\/\/lospoliticosveracruz.com.mx\/index.php?rest_route=\/wp\/v2\/posts\/63685\/revisions\/63687"}],"wp:attachment":[{"href":"https:\/\/lospoliticosveracruz.com.mx\/index.php?rest_route=%2Fwp%2Fv2%2Fmedia&parent=63685"}],"wp:term":[{"taxonomy":"category","embeddable":true,"href":"https:\/\/lospoliticosveracruz.com.mx\/index.php?rest_route=%2Fwp%2Fv2%2Fcategories&post=63685"},{"taxonomy":"post_tag","embeddable":true,"href":"https:\/\/lospoliticosveracruz.com.mx\/index.php?rest_route=%2Fwp%2Fv2%2Ftags&post=63685"}],"curies":[{"name":"wp","href":"https:\/\/api.w.org\/{rel}","templated":true}]}}