{"id":63711,"date":"2020-11-11T11:39:45","date_gmt":"2020-11-11T17:39:45","guid":{"rendered":"http:\/\/www.lospoliticosveracruz.com.mx\/?p=63711"},"modified":"2020-11-11T11:39:45","modified_gmt":"2020-11-11T17:39:45","slug":"veracruz-secuestrado-por-la-inseguridad","status":"publish","type":"post","link":"https:\/\/lospoliticosveracruz.com.mx\/?p=63711","title":{"rendered":"Veracruz, secuestrado por la inseguridad"},"content":{"rendered":"<p>&nbsp;<\/p>\n<p>El Grupo Legislativo del PAN en Veracruz condena el artero asesinato de la alcaldesa de Jamapa Florisel R\u00edos Delf\u00ecn y exige al Gobierno de Cuitl\u00e1huac Garc\u00eda garantizar la seguridad en Veracruz, donde eventos como este se repiten d\u00eda con d\u00eda.<br \/>\nEl GLPAN hizo un llamado a la la Fiscal General del Estado, Ver\u00f3nica Hern\u00e1ndez para que haga su trabajo y este caso no sea un crimen m\u00e1s de los que se cometen con impunidad en el estado. Exigieron que se logre dar con el paradero de los responsables que privaron de la vida a la edil veracruzana, para garantizar justicia.<br \/>\nLos diputados y diputadas locales panistas aseguraron que contrario al mensaje oficial del gobierno estatal, Veracruz est\u00e1 secuestrado por la inseguridad que se materializa en eventos violentos como el ocurrido este d\u00eda.<br \/>\nPor \u00faltimo dijeron que el gobernador del estado, Cuitl\u00e1huac Garc\u00eda debe hacer valer su mandato constitucional para garantizar un estado seguro donde las familias puedan transitar tranquilas y si \u00e9l o los encargados del ramo no pueden, que renuncien.<\/p>\n","protected":false},"excerpt":{"rendered":"<p>&nbsp; El Grupo Legislativo del PAN en Veracruz condena el artero asesinato de la alcaldesa de Jamapa Florisel R\u00edos Delf\u00ecn y exige al Gobierno de Cuitl\u00e1huac Garc\u00eda garantizar la seguridad en Veracruz, donde eventos como este se repiten d\u00eda con d\u00eda. El GLPAN hizo un llamado a la la Fiscal General del Estado, Ver\u00f3nica Hern\u00e1ndez [&hellip;]<\/p>\n","protected":false},"author":2,"featured_media":0,"comment_status":"open","ping_status":"open","sticky":false,"template":"","format":"standard","meta":{"_jetpack_newsletter_access":"","_jetpack_dont_email_post_to_subs":false,"_jetpack_newsletter_tier_id":0,"_jetpack_memberships_contains_paywalled_content":false,"_jetpack_memberships_contains_paid_content":false,"footnotes":""},"categories":[73],"tags":[1681,12266,19776,196,266,195,463],"class_list":["post-63711","post","type-post","status-publish","format-standard","hentry","category-de-boleto","tag-cuitlahuac-garcia","tag-fiscal-general-del-estado","tag-florisel-rios-delfin","tag-inseguridad","tag-pan","tag-veracruz","tag-violencia"],"jetpack_featured_media_url":"","jetpack_sharing_enabled":true,"jetpack_shortlink":"https:\/\/wp.me\/p4Qcd3-gzB","_links":{"self":[{"href":"https:\/\/lospoliticosveracruz.com.mx\/index.php?rest_route=\/wp\/v2\/posts\/63711","targetHints":{"allow":["GET"]}}],"collection":[{"href":"https:\/\/lospoliticosveracruz.com.mx\/index.php?rest_route=\/wp\/v2\/posts"}],"about":[{"href":"https:\/\/lospoliticosveracruz.com.mx\/index.php?rest_route=\/wp\/v2\/types\/post"}],"author":[{"embeddable":true,"href":"https:\/\/lospoliticosveracruz.com.mx\/index.php?rest_route=\/wp\/v2\/users\/2"}],"replies":[{"embeddable":true,"href":"https:\/\/lospoliticosveracruz.com.mx\/index.php?rest_route=%2Fwp%2Fv2%2Fcomments&post=63711"}],"version-history":[{"count":1,"href":"https:\/\/lospoliticosveracruz.com.mx\/index.php?rest_route=\/wp\/v2\/posts\/63711\/revisions"}],"predecessor-version":[{"id":63713,"href":"https:\/\/lospoliticosveracruz.com.mx\/index.php?rest_route=\/wp\/v2\/posts\/63711\/revisions\/63713"}],"wp:attachment":[{"href":"https:\/\/lospoliticosveracruz.com.mx\/index.php?rest_route=%2Fwp%2Fv2%2Fmedia&parent=63711"}],"wp:term":[{"taxonomy":"category","embeddable":true,"href":"https:\/\/lospoliticosveracruz.com.mx\/index.php?rest_route=%2Fwp%2Fv2%2Fcategories&post=63711"},{"taxonomy":"post_tag","embeddable":true,"href":"https:\/\/lospoliticosveracruz.com.mx\/index.php?rest_route=%2Fwp%2Fv2%2Ftags&post=63711"}],"curies":[{"name":"wp","href":"https:\/\/api.w.org\/{rel}","templated":true}]}}