{"id":63896,"date":"2020-11-13T18:09:37","date_gmt":"2020-11-14T00:09:37","guid":{"rendered":"http:\/\/www.lospoliticosveracruz.com.mx\/?p=63896"},"modified":"2020-11-13T18:13:48","modified_gmt":"2020-11-14T00:13:48","slug":"nos-agarre-confesados-unidad-ciudadana","status":"publish","type":"post","link":"https:\/\/lospoliticosveracruz.com.mx\/?p=63896","title":{"rendered":"Nos agarre confesados Unidad Ciudadana!"},"content":{"rendered":"<p>&nbsp;<\/p>\n<p><a href=\"http:\/\/www.lospoliticosveracruz.com.mx\/wp-content\/uploads\/2020\/11\/Consume-C\u00f3rdoba-C.jpg\"><img loading=\"lazy\" decoding=\"async\" class=\"alignleft size-full wp-image-63721\" src=\"http:\/\/www.lospoliticosveracruz.com.mx\/wp-content\/uploads\/2020\/11\/Consume-C\u00f3rdoba-C.jpg\" alt=\"Consume C\u00f3rdoba C\" width=\"375\" height=\"627\" \/><\/a>Unidad Ciudadana comparte la opini\u00f3n de la Conferencia del Episcopado Mexicano<\/p>\n<p>El partido Unidad Ciudadana considera de gran relevancia para la sociedad veracruzana el comunicado difundido por los obispos de la Conferencia del Episcopado Mexicano al pueblo de M\u00e9xico.<br \/>\nUnidad Ciudadana es un partido de reciente creaci\u00f3n que en su Declaraci\u00f3n de Principios ha considerado, de manera destacada, apoyar a los pobres y a los m\u00e1s necesitados; adem\u00e1s, se preocupa por la clase media, entendida como motor de la sociedad y factor de cambio.<br \/>\nPretendemos tambi\u00e9n una pol\u00edtica con la intervenci\u00f3n del Estado y la m\u00e1s amplia y destacada participaci\u00f3n de las fuerzas productivas privadas, para fortalecer la econom\u00eda.<br \/>\nAl coincidir con el mensaje de los obispos mexicanos, Unidad Ciudadana puntualiza que en medio de una crisis profunda, acentuada por la pandemia de la Covid-19, que ha afectado a todos los campos de la vida, es necesario establecer tareas sociales espec\u00edficas: para los pobres y con los pobres, en el sector laboral, con los empresarios, para la promoci\u00f3n de un desarrollo sustentable y socialmente responsable.<br \/>\nAdem\u00e1s, enfatizamos que en las pr\u00f3ximas campa\u00f1as electorales tendremos muy en cuenta la propuesta del papa Francisco respecto a que la pol\u00edtica es una de las formas m\u00e1s preciosas de la caridad, porque busca el bien com\u00fan.<br \/>\nEn los tiempos de crisis que vive nuestro pa\u00eds y, en particular, el Estado de Veracruz, es necesario que tanto el Gobierno del Estado como los 212 ayuntamientos establezcan los mecanismos adecuados para generar un ahorro efectivo en el gasto p\u00fablico, el cual tendr\u00e1 que ser sustantivo.<br \/>\nEsos recursos deber\u00e1n destinarse a la inversi\u00f3n p\u00fablica, para generaci\u00f3n de empleo y el fortalecimiento de los servicios de salud y educaci\u00f3n.<br \/>\nDe acuerdo con el informe anual sobre la situaci\u00f3n de pobreza y rezago social 2020 que emite el Consejo Nacional de Evaluaci\u00f3n de la Pol\u00edtica de Desarrollo Social (Coneval), el Estado de Veracruz tiene 8 millones 539,862 habitantes, de los cuales 4 millones 893,341 viven en situaci\u00f3n de pobreza, 2 millones 177,665 son vulnerables por carencias y 1 mill\u00f3n 135,802 viven en pobreza extrema.<br \/>\nUnidad Ciudadana, en su oportunidad, propondr\u00e1 ajustes a las leyes de ingresos y el presupuesto de egresos, para privilegiar el gasto de inversi\u00f3n sobre el gasto corriente, y la eliminaci\u00f3n de gastos innecesarios.<br \/>\nLos ahorros que se adicionen ser\u00e1n para inversi\u00f3n p\u00fablica prioritaria, en servicios de agua potable, drenaje y saneamiento, para el mejoramiento del medio ambiente. Igualmente, los ayuntamientos deber\u00e1n destinar los ahorros para fomentar el empleo, el acceso a la alimentaci\u00f3n y mejorar la vivienda y salarios acordes con la situaci\u00f3n de crisis.<br \/>\nEl partido Unidad Ciudadana continuar\u00e1, con mayor firmeza, el seguimiento de sus puntos de acci\u00f3n para beneficiar a los m\u00e1s desprotegidos, mediante democracia plena, econom\u00eda fuerte y justicia verdadera.<br \/>\nEstamos seguros de que, con el respaldo de las mujeres, los j\u00f3venes y los hombres de nuestra entidad, trazaremos un nuevo rumbo para Veracruz.<\/p>\n<p>Xalapa, Ver., a 13 de noviembre de 2020.<\/p>\n<p>CINTHYA LOBATO<br \/>\nPRESIDENTA<\/p>\n","protected":false},"excerpt":{"rendered":"<p>&nbsp; Unidad Ciudadana comparte la opini\u00f3n de la Conferencia del Episcopado Mexicano El partido Unidad Ciudadana considera de gran relevancia para la sociedad veracruzana el comunicado difundido por los obispos de la Conferencia del Episcopado Mexicano al pueblo de M\u00e9xico. Unidad Ciudadana es un partido de reciente creaci\u00f3n que en su Declaraci\u00f3n de Principios ha [&hellip;]<\/p>\n","protected":false},"author":2,"featured_media":0,"comment_status":"open","ping_status":"open","sticky":false,"template":"","format":"standard","meta":{"_jetpack_newsletter_access":"","_jetpack_dont_email_post_to_subs":false,"_jetpack_newsletter_tier_id":0,"_jetpack_memberships_contains_paywalled_content":false,"_jetpack_memberships_contains_paid_content":false,"footnotes":""},"categories":[73],"tags":[993,1824,16673,23599,23598,12381,13923,671,23318,18710],"class_list":["post-63896","post","type-post","status-publish","format-standard","hentry","category-de-boleto","tag-cinthya-lobato","tag-coneval","tag-covid-19","tag-declaracion-de-principios","tag-episcopado-mexicano","tag-estado-de-veracruz","tag-obispos","tag-papa-francisco","tag-sociedad-veracruzana","tag-unidad-ciudadana"],"jetpack_featured_media_url":"","jetpack_sharing_enabled":true,"jetpack_shortlink":"https:\/\/wp.me\/p4Qcd3-gCA","_links":{"self":[{"href":"https:\/\/lospoliticosveracruz.com.mx\/index.php?rest_route=\/wp\/v2\/posts\/63896","targetHints":{"allow":["GET"]}}],"collection":[{"href":"https:\/\/lospoliticosveracruz.com.mx\/index.php?rest_route=\/wp\/v2\/posts"}],"about":[{"href":"https:\/\/lospoliticosveracruz.com.mx\/index.php?rest_route=\/wp\/v2\/types\/post"}],"author":[{"embeddable":true,"href":"https:\/\/lospoliticosveracruz.com.mx\/index.php?rest_route=\/wp\/v2\/users\/2"}],"replies":[{"embeddable":true,"href":"https:\/\/lospoliticosveracruz.com.mx\/index.php?rest_route=%2Fwp%2Fv2%2Fcomments&post=63896"}],"version-history":[{"count":2,"href":"https:\/\/lospoliticosveracruz.com.mx\/index.php?rest_route=\/wp\/v2\/posts\/63896\/revisions"}],"predecessor-version":[{"id":63899,"href":"https:\/\/lospoliticosveracruz.com.mx\/index.php?rest_route=\/wp\/v2\/posts\/63896\/revisions\/63899"}],"wp:attachment":[{"href":"https:\/\/lospoliticosveracruz.com.mx\/index.php?rest_route=%2Fwp%2Fv2%2Fmedia&parent=63896"}],"wp:term":[{"taxonomy":"category","embeddable":true,"href":"https:\/\/lospoliticosveracruz.com.mx\/index.php?rest_route=%2Fwp%2Fv2%2Fcategories&post=63896"},{"taxonomy":"post_tag","embeddable":true,"href":"https:\/\/lospoliticosveracruz.com.mx\/index.php?rest_route=%2Fwp%2Fv2%2Ftags&post=63896"}],"curies":[{"name":"wp","href":"https:\/\/api.w.org\/{rel}","templated":true}]}}