{"id":63955,"date":"2020-11-15T12:13:46","date_gmt":"2020-11-15T18:13:46","guid":{"rendered":"http:\/\/www.lospoliticosveracruz.com.mx\/?p=63955"},"modified":"2020-11-15T12:13:46","modified_gmt":"2020-11-15T18:13:46","slug":"alcalde-de-san-rafael-impreciso","status":"publish","type":"post","link":"https:\/\/lospoliticosveracruz.com.mx\/?p=63955","title":{"rendered":"Alcalde de San Rafael, impreciso"},"content":{"rendered":"<p>En este gobierno ni se presiona ni se coacciona, \u00abporque no es nuestra formaci\u00f3n\u00bb, as\u00ed respondi\u00f3 el Secretario de Gobierno, Eric Cisneros Burgos, a los se\u00f1alamientos del alcalde de San Rafael, Luis Daniel Lagunes Mar\u00edn, de que est\u00e1 enfrentando amenazas desde el gobierno del estado.<br \/>\nAl acudir al congreso local para estar presente en la entrega del segundo informe de gobierno, Cisneros Burgos record\u00f3 que \u00abnosotros venimos de una lucha social , de much\u00edsimos a\u00f1os, y en este gobierno ni se presiona ni se coacciona porque no es nuestra formaci\u00f3n\u00bb.<br \/>\nDe las denuncias del alcalde de San Rafael de estar siendo amenazado, el encargado de la politica interna dijo desconocer dichas acusaciones.<br \/>\n\u00abYo no s\u00e9 porque este se\u00f1or se\u00f1ala cosas que son totalmente inexactas e imprecisas, yo tengo coordinaci\u00f3n con todos los alcaldes , de todos los colores y de todos los partidos pol\u00edticos\u00bb<br \/>\nCisneros Burgos, dijo que se trata de se\u00f1alamientos \u00abmeramente politico y ayer se lo dejaron ver los ciudadanos de Mart\u00ednez de la Torre\u00bb.<\/p>\n","protected":false},"excerpt":{"rendered":"<p>En este gobierno ni se presiona ni se coacciona, \u00abporque no es nuestra formaci\u00f3n\u00bb, as\u00ed respondi\u00f3 el Secretario de Gobierno, Eric Cisneros Burgos, a los se\u00f1alamientos del alcalde de San Rafael, Luis Daniel Lagunes Mar\u00edn, de que est\u00e1 enfrentando amenazas desde el gobierno del estado. Al acudir al congreso local para estar presente en la [&hellip;]<\/p>\n","protected":false},"author":2,"featured_media":0,"comment_status":"open","ping_status":"open","sticky":false,"template":"","format":"standard","meta":{"_jetpack_newsletter_access":"","_jetpack_dont_email_post_to_subs":false,"_jetpack_newsletter_tier_id":0,"_jetpack_memberships_contains_paywalled_content":false,"_jetpack_memberships_contains_paid_content":false,"footnotes":""},"categories":[6446],"tags":[12299,18108,963,2782,954,195],"class_list":["post-63955","post","type-post","status-publish","format-standard","hentry","category-la-nota","tag-eric-cisneros-burgos","tag-luis-daniel-lagunes-marin","tag-martinez-de-la-torre","tag-san-rafael","tag-secretario-de-gobierno","tag-veracruz"],"jetpack_featured_media_url":"","jetpack_sharing_enabled":true,"jetpack_shortlink":"https:\/\/wp.me\/p4Qcd3-gDx","_links":{"self":[{"href":"https:\/\/lospoliticosveracruz.com.mx\/index.php?rest_route=\/wp\/v2\/posts\/63955","targetHints":{"allow":["GET"]}}],"collection":[{"href":"https:\/\/lospoliticosveracruz.com.mx\/index.php?rest_route=\/wp\/v2\/posts"}],"about":[{"href":"https:\/\/lospoliticosveracruz.com.mx\/index.php?rest_route=\/wp\/v2\/types\/post"}],"author":[{"embeddable":true,"href":"https:\/\/lospoliticosveracruz.com.mx\/index.php?rest_route=\/wp\/v2\/users\/2"}],"replies":[{"embeddable":true,"href":"https:\/\/lospoliticosveracruz.com.mx\/index.php?rest_route=%2Fwp%2Fv2%2Fcomments&post=63955"}],"version-history":[{"count":2,"href":"https:\/\/lospoliticosveracruz.com.mx\/index.php?rest_route=\/wp\/v2\/posts\/63955\/revisions"}],"predecessor-version":[{"id":63958,"href":"https:\/\/lospoliticosveracruz.com.mx\/index.php?rest_route=\/wp\/v2\/posts\/63955\/revisions\/63958"}],"wp:attachment":[{"href":"https:\/\/lospoliticosveracruz.com.mx\/index.php?rest_route=%2Fwp%2Fv2%2Fmedia&parent=63955"}],"wp:term":[{"taxonomy":"category","embeddable":true,"href":"https:\/\/lospoliticosveracruz.com.mx\/index.php?rest_route=%2Fwp%2Fv2%2Fcategories&post=63955"},{"taxonomy":"post_tag","embeddable":true,"href":"https:\/\/lospoliticosveracruz.com.mx\/index.php?rest_route=%2Fwp%2Fv2%2Ftags&post=63955"}],"curies":[{"name":"wp","href":"https:\/\/api.w.org\/{rel}","templated":true}]}}