{"id":64052,"date":"2020-11-17T10:13:49","date_gmt":"2020-11-17T16:13:49","guid":{"rendered":"http:\/\/www.lospoliticosveracruz.com.mx\/?p=64052"},"modified":"2020-11-17T10:20:59","modified_gmt":"2020-11-17T16:20:59","slug":"inundaciones-e-inaniciones-gubernamentales-y-sociales","status":"publish","type":"post","link":"https:\/\/lospoliticosveracruz.com.mx\/?p=64052","title":{"rendered":"Inundaciones e inaniciones gubernamentales y sociales"},"content":{"rendered":"<p><strong>Rafael Arias Hern\u00e1ndez<\/strong><\/p>\n<p><em>Mutatis mutandis<\/em><\/p>\n<p><a href=\"http:\/\/www.lospoliticosveracruz.com.mx\/wp-content\/uploads\/2020\/11\/Consume-C\u00f3rdoba-A.jpg\"><img loading=\"lazy\" decoding=\"async\" class=\"alignleft size-full wp-image-63719\" src=\"http:\/\/www.lospoliticosveracruz.com.mx\/wp-content\/uploads\/2020\/11\/Consume-C\u00f3rdoba-A.jpg\" alt=\"Consume C\u00f3rdoba A\" width=\"375\" height=\"627\" \/><\/a>Pobre del pobre, cuando no se le mata de sed, se le ahoga al inundarlo. \u00bfPrimero los pobres?<br \/>\nLos errores se repiten y crecen, ante tanta ocurrencia e improvisaci\u00f3n.<br \/>\nLas desgracias no vienen solas; y s\u00ed, todas ellas agravadas, por la notoria ineficiencia, corrupci\u00f3n y delincuencia gubernamental.<br \/>\nConocida inundaci\u00f3n permanente, la de ineptos, par\u00e1sitos, corruptos, improvisados, y abyectos, nombrados y sostenidos en la n\u00f3mina oficial, con costosas y lamentables consecuencias.<br \/>\nNo se aprende que a los desastres naturales, hay que agregar los desastres pol\u00edticos, sociales y culturales que los complican y multiplican. \u00bfDe que tama\u00f1o es el da\u00f1o?<br \/>\nSe sabe que el desastre gubernamental es cotidiano, pues tan solo el correspondiente, a la cuesti\u00f3n del agua, llega a situaciones y niveles preocupantes. Persisten y sobreviven, millones y millones de sedientos y hambrientos. Las preguntas inundan el ambiente.<br \/>\n\u00bfCu\u00e1l desarrollo con bienestar? \u00bfPor qu\u00e9 no hay agua potable, para todos? \u00bfSe lleva hasta todas la viviendas? \u00bfCuantas plantas de tratamiento de agua residual hay y funcionan en el estado? \u00bfQu\u00e9 tanto se afecta a los ecosistemas, de donde se obtiene? \u00bfSe evita permitir y autorizar asentamientos humanos en espacios de alto riesgo?<br \/>\nEn algunas entidades, se pierde o desaprovecha porque abunda, se escurre y se va. O, una vez utilizada, poco o nada se hace para recuperarla. \u00bfDe qu\u00e9 sirve contar con riqueza acu\u00edfera?<br \/>\nHay que insistir en los temas del agua, como el de su notoria y lamentable contaminaci\u00f3n. Tan solo en Veracruz, se estima que m\u00e1s del 80% de las aguas residuales, se desalojan sin recibir tratamiento y contaminan r\u00edos y mantos acu\u00edferos.<br \/>\nCon todo, la venta de agua es un gran negocio, para algunos y un creciente gasto para muchos. .<br \/>\nEl colmo es anunciar y repetir, que para evitar los efectos de la padecida pandemia, hay que lavarse las manos, con frecuencia. Y a donde no llega, \u00bfcon qu\u00e9 agua se lavan?<br \/>\nInocultable. Ni las empresas ni el sector p\u00fablico en general, respetan las disposiciones ambientales. Y como se acostumbra, los ayuntamientos no se aseguran de que los nuevos asentamientos humanos, empresariales y de servicios (aglomeraciones causadas por industrias, hoteles, comercios e instituciones), cuenten con plantas de tratamiento y otras formas de recuperaci\u00f3n.<br \/>\nSigue y aumenta la contaminaci\u00f3n generada, tanto por la industria como por las viviendas, y los gobiernos mismos. Cada segundo se vierten al cauce de los r\u00edos, miles y miles de litros de aguas residuales y negras sin tratamiento.<br \/>\n<em><strong>DE LO ESENCIAL DEL AGUA.<\/strong><\/em><br \/>\nUna vez m\u00e1s, se sugiere que para ocuparse adecuadamente de este importante tema, hay que considerar m\u00ednimo, cinco aspectos determinantes.<br \/>\nPrimero.- Es vital, insustituible e indispensable para la existencia humana. Es imposible subsistir sin ella, en condiciones normales, m\u00e1s all\u00e1 de una semana.<br \/>\nSegundo.- Es imprescindible en casi todas las formas de vida, pero sobre todo en los procesos de sustentabilidad del medio ambiente terr\u00edcola, que la convierten ciertamente en l\u00edquido vital. Hoy por hoy, sin duda, el agua es vida.<br \/>\nTercero.-Su presencia depende de un fundamental y renovado proceso, que caracteriza sus diversas transformaciones y cambios de estado (l\u00edquido, s\u00f3lido o gaseoso). Proceso cuya duraci\u00f3n no coincide con calendarios burocr\u00e1ticos, tiempos pol\u00edticos, periodos gubernamentales, ni con las disposiciones administrativas. Proceso cuya duraci\u00f3n est\u00e1 vinculada con las caracter\u00edsticas ambientales y sociales; que a su vez condicionan su abundancia o escasez, su calidad y disponibilidad, para su uso y consumo. Proceso ambiental y social que integra y define diversos espacios, territorios y regiones naturales, de asentamientos humanos, o de actividades econ\u00f3micas, que tampoco respetan las fronteras pol\u00edticas, administrativas y gubernamentales.<br \/>\nCuarto.- Que su disposici\u00f3n para el consumo humano constituye un derecho social inalienable e imprescriptible, cuya atenci\u00f3n suficiente y oportuna, no admite demoras ni posposiciones y que, sin duda, puede ser la fuente de injusticia, violencia y conflictos.<br \/>\nY quinto.- Que es y debe ser considerada y revalorada, en la teor\u00eda y pr\u00e1ctica, como un derecho de supervivencia, cuya importancia rebasa e incluye, tanto la existencia humana como la de innumerables seres vivos y sistemas a los que pertenecen.<br \/>\nInaceptable ignorar, ocultar y minimizar este problema ambiental, social, y gubernamental; adem\u00e1s, irresponsable y en muchos casos, hasta criminalmente atendido. Problema, que aumenta en intensidad y complejidad. Urge participaci\u00f3n y evaluaci\u00f3n social efectiva. No conformarse ni resignarse.<br \/>\nEl agua es causa de supervivencia. Con mayor raz\u00f3n cuando racionamiento, tandeo, limitaci\u00f3n, restricci\u00f3n, encarecimiento, arbitrariedades y cobros indebidos, se han vuelto pr\u00e1ctica com\u00fan de innumerables organismos y dependencias federales, estatales y municipales, que dicen administrar y garantizar el vital l\u00edquido.<br \/>\nPreocupa, que para desgracia de la poblaci\u00f3n, muchos se han convertido en puntos de injusticia y conflicto, por intereses desmedidos y sin control, como los arbitrariamente privatizadores, o los que han convertido el agua de Xalapa, en una de las m\u00e1s caras del pa\u00eds.<br \/>\nImportante identificar y se\u00f1alar, las una y mil formas de despojo, apropiaci\u00f3n, privatizaci\u00f3n, concesi\u00f3n y mercantilizaci\u00f3n del agua, que abierta o encubiertamente se apoyan desde los \u00e1mbitos de gobierno. En Veracruz no hubo, ni hay suficientes y efectivas acciones, programa o plan de alcances importantes. Trascienden, entre otros temas, cuestionada administraci\u00f3n, endeudamiento y descomunales negocios personales, familiares y de grupo.<br \/>\nInundados de opacidad, hay que repetir que es indispensable la informaci\u00f3n actualizada, confiable y accesible. Insistir y preguntar. Opacidad incluso, en la deuda p\u00fablica por agua. \u00bfA cu\u00e1nto asciende? DEL AGUA EN POLVO.<br \/>\nEl discurso oficial. Se asegura que el presupuesto 2021 ya considera la atenci\u00f3n a las entidades federativas afectadas, empezando por Tabasco, Chiapas y Veracruz.<br \/>\nPara que se asiente y no se olvide, se dice que incluir\u00e1 reparaci\u00f3n de da\u00f1os en hogares, as\u00ed como ampliaci\u00f3n, mejoramiento y construcci\u00f3n de viviendas. \u00abAdem\u00e1s, inmediatamente despu\u00e9s de que pasen las inundaciones y se desinfecten las viviendas, habr\u00e1 apoyos para adquirir enseres dom\u00e9sticos y se impulsar\u00e1n mejoras a la infraestructura carretera\u2026ya tenemos disponibilidad de fondos para financiar todo el programa integral en beneficio de los afectados por inundaciones\u00bb. (Regeneraci\u00f3n, 151120)<br \/>\n\u00bfSer\u00e1? Veremos dijo un ciego.<\/p>\n<p>-Academico.IIESESUV @RafaelAriasH,Facebook:VeracruzHoydeRafaelAriasH<\/p>\n","protected":false},"excerpt":{"rendered":"<p>Rafael Arias Hern\u00e1ndez Mutatis mutandis Pobre del pobre, cuando no se le mata de sed, se le ahoga al inundarlo. \u00bfPrimero los pobres? Los errores se repiten y crecen, ante tanta ocurrencia e improvisaci\u00f3n. Las desgracias no vienen solas; y s\u00ed, todas ellas agravadas, por la notoria ineficiencia, corrupci\u00f3n y delincuencia gubernamental. Conocida inundaci\u00f3n permanente, [&hellip;]<\/p>\n","protected":false},"author":2,"featured_media":0,"comment_status":"open","ping_status":"open","sticky":false,"template":"","format":"standard","meta":{"_jetpack_newsletter_access":"","_jetpack_dont_email_post_to_subs":false,"_jetpack_newsletter_tier_id":0,"_jetpack_memberships_contains_paywalled_content":false,"_jetpack_memberships_contains_paid_content":false,"footnotes":""},"categories":[70],"tags":[618,544,282,23668,22990,14350,1026,2231,195],"class_list":["post-64052","post","type-post","status-publish","format-standard","hentry","category-de-opinion","tag-andres-manuel-lopez-obrador","tag-chiapas","tag-corrupcion","tag-delincuencia-gubernamental","tag-ineficiencia","tag-infraestructura-carretera","tag-morena","tag-tabasco","tag-veracruz"],"jetpack_featured_media_url":"","jetpack_sharing_enabled":true,"jetpack_shortlink":"https:\/\/wp.me\/p4Qcd3-gF6","_links":{"self":[{"href":"https:\/\/lospoliticosveracruz.com.mx\/index.php?rest_route=\/wp\/v2\/posts\/64052","targetHints":{"allow":["GET"]}}],"collection":[{"href":"https:\/\/lospoliticosveracruz.com.mx\/index.php?rest_route=\/wp\/v2\/posts"}],"about":[{"href":"https:\/\/lospoliticosveracruz.com.mx\/index.php?rest_route=\/wp\/v2\/types\/post"}],"author":[{"embeddable":true,"href":"https:\/\/lospoliticosveracruz.com.mx\/index.php?rest_route=\/wp\/v2\/users\/2"}],"replies":[{"embeddable":true,"href":"https:\/\/lospoliticosveracruz.com.mx\/index.php?rest_route=%2Fwp%2Fv2%2Fcomments&post=64052"}],"version-history":[{"count":2,"href":"https:\/\/lospoliticosveracruz.com.mx\/index.php?rest_route=\/wp\/v2\/posts\/64052\/revisions"}],"predecessor-version":[{"id":64059,"href":"https:\/\/lospoliticosveracruz.com.mx\/index.php?rest_route=\/wp\/v2\/posts\/64052\/revisions\/64059"}],"wp:attachment":[{"href":"https:\/\/lospoliticosveracruz.com.mx\/index.php?rest_route=%2Fwp%2Fv2%2Fmedia&parent=64052"}],"wp:term":[{"taxonomy":"category","embeddable":true,"href":"https:\/\/lospoliticosveracruz.com.mx\/index.php?rest_route=%2Fwp%2Fv2%2Fcategories&post=64052"},{"taxonomy":"post_tag","embeddable":true,"href":"https:\/\/lospoliticosveracruz.com.mx\/index.php?rest_route=%2Fwp%2Fv2%2Ftags&post=64052"}],"curies":[{"name":"wp","href":"https:\/\/api.w.org\/{rel}","templated":true}]}}