{"id":64057,"date":"2020-11-17T10:20:19","date_gmt":"2020-11-17T16:20:19","guid":{"rendered":"http:\/\/www.lospoliticosveracruz.com.mx\/?p=64057"},"modified":"2020-11-17T10:20:19","modified_gmt":"2020-11-17T16:20:19","slug":"seguridad-publica-derecho-humano-sergio","status":"publish","type":"post","link":"https:\/\/lospoliticosveracruz.com.mx\/?p=64057","title":{"rendered":"Seguridad P\u00fablica, derecho humano: Sergio"},"content":{"rendered":"<p>&nbsp;<br \/>\nDebido a que en Veracruz ha crecido exponencialmente la inseguridad y no se percibe que situaci\u00f3n vaya a mejorar en el corto y mediano plazo, el legislador Sergio Hern\u00e1ndez Hern\u00e1ndez anunci\u00f3 que presentar\u00e1 al Pleno del Congreso una iniciativa de reforma para incorporar a la Seguridad P\u00fablica en la Constituci\u00f3n Pol\u00edtica local como un derecho humano, con el fin de obligar a los tres niveles de gobierno a coordinarse para mejorar y crear pol\u00edticas p\u00fablicas efectivas para resolver esta problem\u00e1tica.<br \/>\nEn entrevista, el legislador de la bancada del Partido Acci\u00f3n Nacional (PAN) en el Congreso estatal, indic\u00f3 que ser\u00e1 en la sesi\u00f3n del 19 de noviembre cuando ponga a consideraci\u00f3n del Pleno esta propuesta, toda vez que la sociedad en su conjunto demanda acciones efectivas para frenar los altos \u00edndices de inseguridad que se registran en la entidad y que perjudican, principalmente, a las mujeres y hombres que d\u00eda a d\u00eda salen a ganarse el sustento de sus familias, as\u00ed como empresarios que invierten sus recursos en el estado.<br \/>\nRecord\u00f3 que, de acuerdo con la Encuesta Nacional sobre Seguridad P\u00fablica Urbana (ENSU) del INEGI en su m\u00e1s reciente edici\u00f3n, el 67.8% de la poblaci\u00f3n de 18 a\u00f1os y m\u00e1s consider\u00f3 que vivir en su ciudad es inseguro, la cual es mayor en el caso de las mujeres con 72.7%, mientras que en hombres fue de 62 por ciento.<br \/>\nAdem\u00e1s, est\u00e1n las cifras del Secretariado Ejecutivo del Sistema Nacional de Seguridad P\u00fablica, relativas a los delitos de secuestro, homicidio y feminicidio, en las que Veracruz ocupa los primeros lugares de manera constante desde hace 2 a\u00f1os.<br \/>\nExplic\u00f3 que la iniciativa que presentar\u00e1 al Congreso local es para reformar la Constituci\u00f3n y as\u00ed sea reconocido como derecho humano la seguridad p\u00fablica, lo que conlleva la protecci\u00f3n de los bienes y a vivir en un entorno de tranquilidad social, paz y orden p\u00fablico.<br \/>\n\u201cLa expectativa social de que las cosas mejoren por el rumbo que llevamos es muy baja, necesitamos hacer adecuaciones legales para obligar a las autoridades a implementar pol\u00edticas p\u00fablicas que permitan a los habitantes vivir en un ambiente seguro, en cuanto a la protecci\u00f3n de sus bienes y de su integridad\u201d.<br \/>\nEl legislador Sergio Hern\u00e1ndez destac\u00f3 importancia de esta reforma, ya que la seguridad p\u00fablica es una obligaci\u00f3n a cargo del Estado. \u201cComo todos constatamos la seguridad p\u00fablica actualmente es deficiente y no se ha podido detener el crecimiento de diversos delitos\u201d.<br \/>\nA partir de que sea aprobada esta modificaci\u00f3n constitucional -se\u00f1al\u00f3- cualquier ciudadano, en lo individual o colectivo, de una colonia, fraccionamiento, ciudad o municipio podr\u00e1 exigir que la autoridad cumpla con la Ley y garantice la seguridad p\u00fablica.<br \/>\nComo aprendimos en el Foro Ciudades m\u00e1s Seguras que organizamos el a\u00f1o pasado \u201cpara que la Seguridad mejore necesitamos la suma de todas las fuerzas pol\u00edticas, por eso invito a mis compa\u00f1eros diputados a sumarse a esta reforma, porque sabemos que la inseguridad es un flagelo que nos perjudica a todos y no podemos permitir que esto contin\u00fae de la misma forma\u201d, puntualiz\u00f3.<\/p>\n","protected":false},"excerpt":{"rendered":"<p>&nbsp; Debido a que en Veracruz ha crecido exponencialmente la inseguridad y no se percibe que situaci\u00f3n vaya a mejorar en el corto y mediano plazo, el legislador Sergio Hern\u00e1ndez Hern\u00e1ndez anunci\u00f3 que presentar\u00e1 al Pleno del Congreso una iniciativa de reforma para incorporar a la Seguridad P\u00fablica en la Constituci\u00f3n Pol\u00edtica local como un [&hellip;]<\/p>\n","protected":false},"author":2,"featured_media":0,"comment_status":"open","ping_status":"open","sticky":false,"template":"","format":"standard","meta":{"_jetpack_newsletter_access":"","_jetpack_dont_email_post_to_subs":false,"_jetpack_newsletter_tier_id":0,"_jetpack_memberships_contains_paywalled_content":false,"_jetpack_memberships_contains_paid_content":false,"footnotes":""},"categories":[73],"tags":[1217,16422,1257,9072,178,266,23669,976,177,5632,6481,195],"class_list":["post-64057","post","type-post","status-publish","format-standard","hentry","category-de-boleto","tag-congreso-estatal","tag-ensu","tag-feminicidio","tag-homicidio","tag-inegi","tag-pan","tag-politica-local","tag-secuestro","tag-seguridad-publica","tag-seguridad-publica-urbana","tag-sergio-hernandez-hernandez","tag-veracruz"],"jetpack_featured_media_url":"","jetpack_sharing_enabled":true,"jetpack_shortlink":"https:\/\/wp.me\/p4Qcd3-gFb","_links":{"self":[{"href":"https:\/\/lospoliticosveracruz.com.mx\/index.php?rest_route=\/wp\/v2\/posts\/64057","targetHints":{"allow":["GET"]}}],"collection":[{"href":"https:\/\/lospoliticosveracruz.com.mx\/index.php?rest_route=\/wp\/v2\/posts"}],"about":[{"href":"https:\/\/lospoliticosveracruz.com.mx\/index.php?rest_route=\/wp\/v2\/types\/post"}],"author":[{"embeddable":true,"href":"https:\/\/lospoliticosveracruz.com.mx\/index.php?rest_route=\/wp\/v2\/users\/2"}],"replies":[{"embeddable":true,"href":"https:\/\/lospoliticosveracruz.com.mx\/index.php?rest_route=%2Fwp%2Fv2%2Fcomments&post=64057"}],"version-history":[{"count":1,"href":"https:\/\/lospoliticosveracruz.com.mx\/index.php?rest_route=\/wp\/v2\/posts\/64057\/revisions"}],"predecessor-version":[{"id":64058,"href":"https:\/\/lospoliticosveracruz.com.mx\/index.php?rest_route=\/wp\/v2\/posts\/64057\/revisions\/64058"}],"wp:attachment":[{"href":"https:\/\/lospoliticosveracruz.com.mx\/index.php?rest_route=%2Fwp%2Fv2%2Fmedia&parent=64057"}],"wp:term":[{"taxonomy":"category","embeddable":true,"href":"https:\/\/lospoliticosveracruz.com.mx\/index.php?rest_route=%2Fwp%2Fv2%2Fcategories&post=64057"},{"taxonomy":"post_tag","embeddable":true,"href":"https:\/\/lospoliticosveracruz.com.mx\/index.php?rest_route=%2Fwp%2Fv2%2Ftags&post=64057"}],"curies":[{"name":"wp","href":"https:\/\/api.w.org\/{rel}","templated":true}]}}