{"id":64111,"date":"2020-11-18T13:26:09","date_gmt":"2020-11-18T19:26:09","guid":{"rendered":"http:\/\/www.lospoliticosveracruz.com.mx\/?p=64111"},"modified":"2020-11-18T13:26:09","modified_gmt":"2020-11-18T19:26:09","slug":"la-postverdad","status":"publish","type":"post","link":"https:\/\/lospoliticosveracruz.com.mx\/?p=64111","title":{"rendered":"La postverdad"},"content":{"rendered":"<p><strong>lnocencio Y\u00e1\u00f1ez Vicencio<\/strong><br \/>\nDesde que tengo uso de raz\u00f3n escucho que cuando alguien habla rebuscado, se le dice que habla como pol\u00edtico. No falta raz\u00f3n a los que hacen esta recriminaci\u00f3n. Los sujetos de la acci\u00f3n pol\u00edtica tienen maneras muy distintas de expresar sus juicios que los dedicados a la ciencia. Un ingeniero puede determinar que un puente conviene que se haga en tal lugar, pero el pol\u00edtico ni siquiera puede anunciarlo donde afirma el cient\u00edfico, porque el pol\u00edtico debe tomar la decisi\u00f3n tomando en consideraci\u00f3n factores comunitarios y de grupos.<br \/>\nPara Maquiavelo es la verdad lo que lleva a lo \u00fatil y no al rev\u00e9s, pero la verdad en pol\u00edtica debe estar relacionada con los buenos resultados de la obra emprendida. Para entender la pol\u00edtica como acci\u00f3n tenemos que aprender que en todo lo que se dice o se escribe hay mucho que no aparece en las palabras o los textos. No es casual que con frecuencia cuando escuchamos o leemos nos preguntamos que quiso decir ese autor. Necesitamos aprender a extraer de lo que se dijo, lo que se quiso decir con ello. En la mayor\u00eda de los casos es mucho m\u00e1s lo que se dice en un segmento sin pronunciarlo o graficarlo, que lo que se plasm\u00f3.<br \/>\nLas dos principales obras pol\u00edticas de Maquiavelo son ejemplo de lo mucho que est\u00e1 dicho m\u00e1s all\u00e1 de esos textos, tanto que ha dado lugar a reflexiones que servir\u00edan para formar una biblioteca de sus int\u00e9rpretes, entre los que yo destaco a Pocock, Claude Lefort, Mansfield y Meinecke, que nos llevan de la mano sobre la obra del Florentino, ilustr\u00e1ndonos en pocos m\u00e1s de 500 p\u00e1ginas cada uno sobre un legado que rebasa con mucho lo escrito por el autor de El Pr\u00edncipe y Los discursos sobre la primera d\u00e9cada de Tito Livio. Cuando leemos estas interpretaciones nos damos cuenta del valor de los intelectuales.<br \/>\nEs maravilloso el desmonte que hace Lefort de las falacias de Leo Strauss. Vale la pena esta aventura que nos permite adentrarnos m\u00e1s all\u00e1 de lo dicho.<br \/>\nRespecto a la detenci\u00f3n y al desistimiento de los cargos del General Cienfuegos se han externado tantas muchas cosas pero son m\u00e1s las que en ese mar de declaraciones quedan sin registrarse, pero con ellas sabemos intenciones y prop\u00f3sitos que no de declaran. Est\u00e1 claro que cuando Amlo nos dice que no sab\u00eda de la investigaci\u00f3n de la DEA que deriv\u00f3 en la detenci\u00f3n del exsecretario de la SEDENA en EE. UU., nos est\u00e1 diciendo a la vez que los gringos no respetan nuestra soberan\u00eda y que traiciona a M\u00e9xico al no defenderla. Acepta que la DEA hoy interviene en nuestro pa\u00eds y que no intercambia informaci\u00f3n con las autoridades mexicanas. Cuando Amlo admite que los Estados Unidos vulner\u00f3 nuestra soberan\u00eda y no hizo ning\u00fan acto de protesta contra Trump, es evidente, que un hombre como \u00e9l, dado a presumir de su patrioterismo , dej\u00f3 ir una valios\u00edsima oportunidad para mostrar su supuesto amor a M\u00e9xico, que levant\u00f3 sospechas de un doble discurso, de sumisi\u00f3n diplom\u00e1tica y de aterciopelada rabieta domestica.<br \/>\nEst\u00e1 muy claro que si la intromisi\u00f3n gringa fue sin su consentimiento no hubo un reclamo proporcionado al tama\u00f1o de la ofensa y menos se prest\u00f3 la asistencia a un connacional agraviado en su honor y su familia. Si la intervenci\u00f3n se realiz\u00f3 sin el visto bueno del gobierno mexicano, por qu\u00e9 Marcelo Ebrard declara que el retiro de los cargos contra Cienfuegos es un acto de respeto, luego entonces esto da un giro y ya acepta la administraci\u00f3n de Amlo que la aprehensi\u00f3n del General fue una acci\u00f3n concertada entre el gobierno mexicano y el gobierno norteamericano y que por eso no hubo protesta y hoy la liberaci\u00f3n de Cienfuegos se toma como un acto de respeto, o sea, la detenci\u00f3n del General fue un favor de Trump que le hizo a Amlo. As\u00ed se entiende por que el d\u00eda de la detenci\u00f3n Amlo, no s\u00f3lo di\u00f3 por hecho los cargos sino que declar\u00f3 que har\u00eda una limpia en el Ejercito.<br \/>\nNo fue hasta pasando, seguramente cuando fue informado que no ten\u00eda sustento la acusaci\u00f3n que disminuy\u00f3 su tono inquisidor y empez\u00f3 a hablar que no todos los mandos estaban involucrados y de que hab\u00eda que esperar el juicio, sobre ese recule parece obedecer m\u00e1s a filtraciones de malestar en el sector militar sobre la injusticia contra el exsecretario de la SEDENA. No deja de ser raro que primero la FGR diga que aqu\u00ed no se le investigaba y ahora diga que si. Amlo se traicion\u00f3 as\u00ed mismo cuando firm\u00f3 la ratificaci\u00f3n del tratado trilateral que tanto conden\u00f3 y que fue la m\u00e1s grande obra de Salinas. Traicion\u00f3 Amlo a M\u00e9xico cuando puso al servicio de Trump recursos y la Guardia Nacional a detener centroamericanos para que no llegaran a los Estados Unidos. Hoy pareciera que no tiene rubor en decirnos que la DEA opera sin respeto a nuestra soberan\u00eda con tal de ocultar que los gringos detuvieron al General Cienfuegos a pedido suyo, en represalia por no estar de acuerdo con su gobierno. La revista Proceso, Carmen Aristegui y dem\u00e1s paleros de Amlo, seguir\u00e1n buscando cargos contra Cienfuegos para justificar su derrrapada. Muy atinado el posicionamiento del PRI y de los que no se someten a los delirios de Amlo. El retiro de los cargos no fue producto de una negociaci\u00f3n, como lo quiere hacer creer nuestro mal gobierno. Eso si para hacerlo tuvieron que haber ponderado que un Ej\u00e9rcito agraviado no iba a salir a dar su vida contra el narcotr\u00e1fico, para despu\u00e9s ir a parar a las c\u00e1rceles norteamericanas. Nuestro Ej\u00e9rcito es profesional e institucionalizado. Se dice f\u00e1cil,pero desde 1929, M\u00e9xico tiene Fuerzas Armadas que defienden, no que oprimen a su pueblo. No despertemos al M\u00e9xico bronco, dijera Reyes Heroles.<\/p>\n","protected":false},"excerpt":{"rendered":"<p>lnocencio Y\u00e1\u00f1ez Vicencio Desde que tengo uso de raz\u00f3n escucho que cuando alguien habla rebuscado, se le dice que habla como pol\u00edtico. No falta raz\u00f3n a los que hacen esta recriminaci\u00f3n. Los sujetos de la acci\u00f3n pol\u00edtica tienen maneras muy distintas de expresar sus juicios que los dedicados a la ciencia. Un ingeniero puede determinar [&hellip;]<\/p>\n","protected":false},"author":2,"featured_media":0,"comment_status":"open","ping_status":"open","sticky":false,"template":"","format":"standard","meta":{"_jetpack_newsletter_access":"","_jetpack_dont_email_post_to_subs":false,"_jetpack_newsletter_tier_id":0,"_jetpack_memberships_contains_paywalled_content":false,"_jetpack_memberships_contains_paid_content":false,"footnotes":""},"categories":[70],"tags":[1820,8836,23703,22803,23702,14703,761,22616,23704,17474],"class_list":["post-64111","post","type-post","status-publish","format-standard","hentry","category-de-opinion","tag-carmen-aristegui","tag-dea","tag-desistimiento","tag-detencion","tag-general-cienfuegos","tag-marcelo-ebrard","tag-sedena","tag-soberania","tag-tratado-trilateral","tag-trump"],"jetpack_featured_media_url":"","jetpack_sharing_enabled":true,"jetpack_shortlink":"https:\/\/wp.me\/p4Qcd3-gG3","_links":{"self":[{"href":"https:\/\/lospoliticosveracruz.com.mx\/index.php?rest_route=\/wp\/v2\/posts\/64111","targetHints":{"allow":["GET"]}}],"collection":[{"href":"https:\/\/lospoliticosveracruz.com.mx\/index.php?rest_route=\/wp\/v2\/posts"}],"about":[{"href":"https:\/\/lospoliticosveracruz.com.mx\/index.php?rest_route=\/wp\/v2\/types\/post"}],"author":[{"embeddable":true,"href":"https:\/\/lospoliticosveracruz.com.mx\/index.php?rest_route=\/wp\/v2\/users\/2"}],"replies":[{"embeddable":true,"href":"https:\/\/lospoliticosveracruz.com.mx\/index.php?rest_route=%2Fwp%2Fv2%2Fcomments&post=64111"}],"version-history":[{"count":1,"href":"https:\/\/lospoliticosveracruz.com.mx\/index.php?rest_route=\/wp\/v2\/posts\/64111\/revisions"}],"predecessor-version":[{"id":64113,"href":"https:\/\/lospoliticosveracruz.com.mx\/index.php?rest_route=\/wp\/v2\/posts\/64111\/revisions\/64113"}],"wp:attachment":[{"href":"https:\/\/lospoliticosveracruz.com.mx\/index.php?rest_route=%2Fwp%2Fv2%2Fmedia&parent=64111"}],"wp:term":[{"taxonomy":"category","embeddable":true,"href":"https:\/\/lospoliticosveracruz.com.mx\/index.php?rest_route=%2Fwp%2Fv2%2Fcategories&post=64111"},{"taxonomy":"post_tag","embeddable":true,"href":"https:\/\/lospoliticosveracruz.com.mx\/index.php?rest_route=%2Fwp%2Fv2%2Ftags&post=64111"}],"curies":[{"name":"wp","href":"https:\/\/api.w.org\/{rel}","templated":true}]}}