{"id":64253,"date":"2020-11-21T10:16:41","date_gmt":"2020-11-21T16:16:41","guid":{"rendered":"http:\/\/www.lospoliticosveracruz.com.mx\/?p=64253"},"modified":"2020-11-21T10:16:41","modified_gmt":"2020-11-21T16:16:41","slug":"agilizan-respuesta-a-sus-demandas","status":"publish","type":"post","link":"https:\/\/lospoliticosveracruz.com.mx\/?p=64253","title":{"rendered":"Agilizan respuesta a sus demandas!"},"content":{"rendered":"<p>&nbsp;<\/p>\n<p>Vecinos del fraccionamiento Colinas de San Jos\u00e9 y representantes del Ayuntamiento de C\u00f3rdoba se reunieron para dar seguimiento a peticiones presentadas en la plataforma Mi\u00e9rcoles Contigo, inform\u00f3 Maximino Garc\u00eda Guzm\u00e1n, titular de la jefatura de atenci\u00f3n ciudadana.<br \/>\nDijo que a la reuni\u00f3n vecinal acudieron representantes de las direcciones de Obras P\u00fablicas, Comercio, Servicios Municipales, Tr\u00e1nsito y Seguridad Vial, as\u00ed como de la Jefatura de Salud la Unidad Municipal de Protecci\u00f3n Civil y la paramunicipal Hidrosistema de C\u00f3rdoba.<br \/>\n\u201cAgradecemos la atenci\u00f3n de todas las personas que vinieron este d\u00eda y escucharon las peticiones que tenemos, nosotros pedimos la intervenci\u00f3n y ya la tenemos\u201d, declar\u00f3 Martha Patricia Morgado, miembro del comit\u00e9 vecinal de este fraccionamiento.<br \/>\nGarc\u00eda Guzm\u00e1n se\u00f1al\u00f3 que la pol\u00edtica de puertas abiertas que ha impulsado la presidenta Leticia L\u00f3pez Landero ha permitido fortalecer el v\u00ednculo con la ciudadan\u00eda, as\u00ed como agilizar la respuesta institucional a las solicitudes vecinales.<br \/>\n\u201cSe busca fortalecer el contacto permanente, ofrecer respuestas m\u00e1s prontas, coordinadas y eficaces\u201d dijo el Jefe de Atenci\u00f3n Ciudadana, quien adelant\u00f3 que se dar\u00e1 respuesta mediante las \u00e1reas correspondientes a los planteamientos efectuados en la reuni\u00f3n.<\/p>\n","protected":false},"excerpt":{"rendered":"<p>&nbsp; Vecinos del fraccionamiento Colinas de San Jos\u00e9 y representantes del Ayuntamiento de C\u00f3rdoba se reunieron para dar seguimiento a peticiones presentadas en la plataforma Mi\u00e9rcoles Contigo, inform\u00f3 Maximino Garc\u00eda Guzm\u00e1n, titular de la jefatura de atenci\u00f3n ciudadana. Dijo que a la reuni\u00f3n vecinal acudieron representantes de las direcciones de Obras P\u00fablicas, Comercio, Servicios Municipales, [&hellip;]<\/p>\n","protected":false},"author":2,"featured_media":0,"comment_status":"open","ping_status":"open","sticky":false,"template":"","format":"standard","meta":{"_jetpack_newsletter_access":"","_jetpack_dont_email_post_to_subs":false,"_jetpack_newsletter_tier_id":0,"_jetpack_memberships_contains_paywalled_content":false,"_jetpack_memberships_contains_paid_content":false,"footnotes":""},"categories":[73],"tags":[7641,23775,19187,19553,3771,23776],"class_list":["post-64253","post","type-post","status-publish","format-standard","hentry","category-de-boleto","tag-leticia-lopez-landero","tag-martha-patricia-morgado","tag-maximino-garcia-guzman","tag-miercoles-contigo","tag-obras-publicas","tag-solicitudes-vecinales"],"jetpack_featured_media_url":"","jetpack_sharing_enabled":true,"jetpack_shortlink":"https:\/\/wp.me\/p4Qcd3-gIl","_links":{"self":[{"href":"https:\/\/lospoliticosveracruz.com.mx\/index.php?rest_route=\/wp\/v2\/posts\/64253","targetHints":{"allow":["GET"]}}],"collection":[{"href":"https:\/\/lospoliticosveracruz.com.mx\/index.php?rest_route=\/wp\/v2\/posts"}],"about":[{"href":"https:\/\/lospoliticosveracruz.com.mx\/index.php?rest_route=\/wp\/v2\/types\/post"}],"author":[{"embeddable":true,"href":"https:\/\/lospoliticosveracruz.com.mx\/index.php?rest_route=\/wp\/v2\/users\/2"}],"replies":[{"embeddable":true,"href":"https:\/\/lospoliticosveracruz.com.mx\/index.php?rest_route=%2Fwp%2Fv2%2Fcomments&post=64253"}],"version-history":[{"count":1,"href":"https:\/\/lospoliticosveracruz.com.mx\/index.php?rest_route=\/wp\/v2\/posts\/64253\/revisions"}],"predecessor-version":[{"id":64255,"href":"https:\/\/lospoliticosveracruz.com.mx\/index.php?rest_route=\/wp\/v2\/posts\/64253\/revisions\/64255"}],"wp:attachment":[{"href":"https:\/\/lospoliticosveracruz.com.mx\/index.php?rest_route=%2Fwp%2Fv2%2Fmedia&parent=64253"}],"wp:term":[{"taxonomy":"category","embeddable":true,"href":"https:\/\/lospoliticosveracruz.com.mx\/index.php?rest_route=%2Fwp%2Fv2%2Fcategories&post=64253"},{"taxonomy":"post_tag","embeddable":true,"href":"https:\/\/lospoliticosveracruz.com.mx\/index.php?rest_route=%2Fwp%2Fv2%2Ftags&post=64253"}],"curies":[{"name":"wp","href":"https:\/\/api.w.org\/{rel}","templated":true}]}}