{"id":64355,"date":"2020-11-23T16:13:37","date_gmt":"2020-11-23T22:13:37","guid":{"rendered":"http:\/\/www.lospoliticosveracruz.com.mx\/?p=64355"},"modified":"2020-11-23T16:13:37","modified_gmt":"2020-11-23T22:13:37","slug":"vengan-a-la-expo-navidena-cordoba-2020","status":"publish","type":"post","link":"https:\/\/lospoliticosveracruz.com.mx\/?p=64355","title":{"rendered":"Vengan a la Expo Navide\u00f1a C\u00f3rdoba 2020!"},"content":{"rendered":"<p>&nbsp;<br \/>\nCon una oferta de productos cordobeses de temporada, as\u00ed como pinos de Navidad, series, esferas, y m\u00e1s productos, se inaugur\u00f3 este d\u00eda la Expo Navide\u00f1a C\u00f3rdoba 2020 en el mercado La Isla, evento que cuenta con las medidas sanitarias para procurar la salud de quienes asistan.<br \/>\n\u201cDurante tres a\u00f1os consecutivos la presidenta municipal nos ha apoyado con el espacio para venir a vender nuestros productos, tenemos desde pinos peque\u00f1os, grandes, nacimientos, casitas para nacimientos, series y esferas\u201d, detall\u00f3 Jos\u00e9 Andr\u00e9s Francisco, productor de la regi\u00f3n.<br \/>\nIv\u00e1n Espinoza Hermida, encargado de despacho de la direcci\u00f3n de comercio y organizador de la Expo, inform\u00f3 que la oferta de productos abarca de este d\u00eda y hasta el 23 de diciembre en horarios de 9 de la ma\u00f1ana a 10 de la noche. Invit\u00f3 a las familias de C\u00f3rdoba a consumir lo hecho en la zona, asegurando que los precios que se manejan son accesibles.<br \/>\nDestac\u00f3 que en la Expo Navide\u00f1a C\u00f3rdoba 2020 participan m\u00e1s de 40 expositores de C\u00f3rdoba y la regi\u00f3n, de los cuales 20 son emprendedores de la plataforma Me Gusta C\u00f3rdoba, lo que enriquece la oferta de productos a favor de las familias del municipio y la regi\u00f3n.<br \/>\nAl inaugurar la Expo, Maximino Garc\u00eda Guzm\u00e1n, titular de la jefatura de atenci\u00f3n ciudadana del Ayuntamiento se C\u00f3rdoba, dijo que este evento se ha convertido en una buena tradici\u00f3n, y este a\u00f1o en particular, contribuir\u00e1 a apoyar a las y los emprendedores y productores locales en la reactivaci\u00f3n la econom\u00eda.<br \/>\nInvit\u00f3 a la ciudadan\u00eda a acudir a la Expo para adquirir sus productos de temporada a productores locales. Destac\u00f3 que en el mercado La Isla se han implementado medidas sanitarias para procurar la salud de asistentes y vendedores.<br \/>\nA dicha inauguraci\u00f3n tambi\u00e9n miembros del cuerpo edilicio de C\u00f3rdoba, como la regidora cuarta, Cecilia Serrano Soval y la regidora novena, Wendy Leticia Santiago Guti\u00e9rrez.<\/p>\n","protected":false},"excerpt":{"rendered":"<p>&nbsp; Con una oferta de productos cordobeses de temporada, as\u00ed como pinos de Navidad, series, esferas, y m\u00e1s productos, se inaugur\u00f3 este d\u00eda la Expo Navide\u00f1a C\u00f3rdoba 2020 en el mercado La Isla, evento que cuenta con las medidas sanitarias para procurar la salud de quienes asistan. \u201cDurante tres a\u00f1os consecutivos la presidenta municipal nos [&hellip;]<\/p>\n","protected":false},"author":2,"featured_media":0,"comment_status":"open","ping_status":"open","sticky":false,"template":"","format":"standard","meta":{"_jetpack_newsletter_access":"","_jetpack_dont_email_post_to_subs":false,"_jetpack_newsletter_tier_id":0,"_jetpack_memberships_contains_paywalled_content":false,"_jetpack_memberships_contains_paid_content":false,"footnotes":""},"categories":[73],"tags":[23835,23833,23834,23832,19187,22170,20784],"class_list":["post-64355","post","type-post","status-publish","format-standard","hentry","category-de-boleto","tag-cecilia-serrano-soval","tag-expo-navidena-cordoba-2020","tag-expositores-de-cordoba","tag-jose-andres-francisco","tag-maximino-garcia-guzman","tag-me-gusta-cordoba","tag-mercado-la-isla"],"jetpack_featured_media_url":"","jetpack_sharing_enabled":true,"jetpack_shortlink":"https:\/\/wp.me\/p4Qcd3-gJZ","_links":{"self":[{"href":"https:\/\/lospoliticosveracruz.com.mx\/index.php?rest_route=\/wp\/v2\/posts\/64355","targetHints":{"allow":["GET"]}}],"collection":[{"href":"https:\/\/lospoliticosveracruz.com.mx\/index.php?rest_route=\/wp\/v2\/posts"}],"about":[{"href":"https:\/\/lospoliticosveracruz.com.mx\/index.php?rest_route=\/wp\/v2\/types\/post"}],"author":[{"embeddable":true,"href":"https:\/\/lospoliticosveracruz.com.mx\/index.php?rest_route=\/wp\/v2\/users\/2"}],"replies":[{"embeddable":true,"href":"https:\/\/lospoliticosveracruz.com.mx\/index.php?rest_route=%2Fwp%2Fv2%2Fcomments&post=64355"}],"version-history":[{"count":1,"href":"https:\/\/lospoliticosveracruz.com.mx\/index.php?rest_route=\/wp\/v2\/posts\/64355\/revisions"}],"predecessor-version":[{"id":64357,"href":"https:\/\/lospoliticosveracruz.com.mx\/index.php?rest_route=\/wp\/v2\/posts\/64355\/revisions\/64357"}],"wp:attachment":[{"href":"https:\/\/lospoliticosveracruz.com.mx\/index.php?rest_route=%2Fwp%2Fv2%2Fmedia&parent=64355"}],"wp:term":[{"taxonomy":"category","embeddable":true,"href":"https:\/\/lospoliticosveracruz.com.mx\/index.php?rest_route=%2Fwp%2Fv2%2Fcategories&post=64355"},{"taxonomy":"post_tag","embeddable":true,"href":"https:\/\/lospoliticosveracruz.com.mx\/index.php?rest_route=%2Fwp%2Fv2%2Ftags&post=64355"}],"curies":[{"name":"wp","href":"https:\/\/api.w.org\/{rel}","templated":true}]}}