{"id":64358,"date":"2020-11-23T18:46:43","date_gmt":"2020-11-24T00:46:43","guid":{"rendered":"http:\/\/www.lospoliticosveracruz.com.mx\/?p=64358"},"modified":"2020-11-23T18:46:43","modified_gmt":"2020-11-24T00:46:43","slug":"se-desahogan-abogados-con-la-presi","status":"publish","type":"post","link":"https:\/\/lospoliticosveracruz.com.mx\/?p=64358","title":{"rendered":"Se desahogan abogados con la Presi!"},"content":{"rendered":"<p>&nbsp;<\/p>\n<p>Con el trabajo coordinado entre el Poder Judicial de Veracruz y los abogados litigantes del Estado, habr\u00e1 eco en las peticiones de los justiciables.<br \/>\nLa Magistrada Presidenta del Tribunal Superior de Justicia y del Consejo de la Judicatura del Poder Judicial del Estado de Veracruz, Isabel In\u00e9s Romero Cruz, acompa\u00f1ada de los integrantes del Consejo de la Judicatura, se reuni\u00f3 con los representantes de Colegios y Barras de abogados de la zona sur y centro de la entidad veracruzana, para escuchar las peticiones m\u00e1s sensibles del sector.<br \/>\nLa atenci\u00f3n a los abogados y justiciables es uno de los ejes principales de esta administraci\u00f3n basado en el respeto al pr\u00f3jimo por parte de todos los integrantes del Poder Judicial de Veracruz, subray\u00f3 la Magistrada Presidenta.<br \/>\nEntre las peticiones de los litigantes destacan, el mejoramiento de espacios de trabajo, el cuidado de los trabajadores y abogados en los distintos Distritos Judiciales durante la pandemia de COVID-19, el combate al rezago laboral, la atenci\u00f3n y revisi\u00f3n de las quejas por actos de corrupci\u00f3n y los servicios judiciales de manera virtual.<br \/>\nLa comunicaci\u00f3n directa ser\u00e1 la l\u00ednea para la resoluci\u00f3n de problemas, dijo la Magistrada Presidenta, quien se comprometi\u00f3 a revisar las distintas situaciones que aquejan a los abogados, \u00abdeseamos un cambio en el Poder Judicial, sabemos el problema que existe y ustedes lo saben mejor que yo\u00bb.<br \/>\nEn ese contexto, la Magistrada Presidenta Isabel In\u00e9s Romero Cruz recibi\u00f3 un anteproyecto de acuerdo del Poder Judicial del Estado de Veracruz para la Implementaci\u00f3n de la Justicia Electr\u00f3nica que fue entregado a la Oficial\u00eda de Partes del Poder Judicial, esto con el objetivo de revisarlo y de coadyuvar e incentivar el debate de las herramientas tecnol\u00f3gicas que permitan avanzar en el trabajo.<br \/>\nPor su parte, el presidente del Colegio de Abogados Juristas del Estado de Veracruz, Valent\u00edn Olmos Alfonso asever\u00f3 que es necesario mantener una coordinaci\u00f3n entre el Poder Judicial de Veracruz y los abogados litigantes para abatir la corrupci\u00f3n.<br \/>\n\u00abEncontramos eco a nuestras peticiones. No se nos negaron esas peticiones como tal y lo m\u00e1s importante es que est\u00e1n en el entendido de que si existe esa problem\u00e1tica. Trabajando en uni\u00f3n el Poder Judicial y los abogados litigantes vamos a encontrar ese eco y trabajar en concordancia es lo id\u00f3neo\u00bb.<\/p>\n","protected":false},"excerpt":{"rendered":"<p>&nbsp; Con el trabajo coordinado entre el Poder Judicial de Veracruz y los abogados litigantes del Estado, habr\u00e1 eco en las peticiones de los justiciables. La Magistrada Presidenta del Tribunal Superior de Justicia y del Consejo de la Judicatura del Poder Judicial del Estado de Veracruz, Isabel In\u00e9s Romero Cruz, acompa\u00f1ada de los integrantes del [&hellip;]<\/p>\n","protected":false},"author":2,"featured_media":0,"comment_status":"open","ping_status":"open","sticky":false,"template":"","format":"standard","meta":{"_jetpack_newsletter_access":"","_jetpack_dont_email_post_to_subs":false,"_jetpack_newsletter_tier_id":0,"_jetpack_memberships_contains_paywalled_content":false,"_jetpack_memberships_contains_paid_content":false,"footnotes":""},"categories":[73],"tags":[15620,19481,23837,19497],"class_list":["post-64358","post","type-post","status-publish","format-standard","hentry","category-de-boleto","tag-isabel-ines-romero-cruz","tag-magistrada","tag-oficialia-de-partes-del-poder-judicial","tag-poder-judicial-del-estado-de-veracruz"],"jetpack_featured_media_url":"","jetpack_sharing_enabled":true,"jetpack_shortlink":"https:\/\/wp.me\/p4Qcd3-gK2","_links":{"self":[{"href":"https:\/\/lospoliticosveracruz.com.mx\/index.php?rest_route=\/wp\/v2\/posts\/64358","targetHints":{"allow":["GET"]}}],"collection":[{"href":"https:\/\/lospoliticosveracruz.com.mx\/index.php?rest_route=\/wp\/v2\/posts"}],"about":[{"href":"https:\/\/lospoliticosveracruz.com.mx\/index.php?rest_route=\/wp\/v2\/types\/post"}],"author":[{"embeddable":true,"href":"https:\/\/lospoliticosveracruz.com.mx\/index.php?rest_route=\/wp\/v2\/users\/2"}],"replies":[{"embeddable":true,"href":"https:\/\/lospoliticosveracruz.com.mx\/index.php?rest_route=%2Fwp%2Fv2%2Fcomments&post=64358"}],"version-history":[{"count":1,"href":"https:\/\/lospoliticosveracruz.com.mx\/index.php?rest_route=\/wp\/v2\/posts\/64358\/revisions"}],"predecessor-version":[{"id":64360,"href":"https:\/\/lospoliticosveracruz.com.mx\/index.php?rest_route=\/wp\/v2\/posts\/64358\/revisions\/64360"}],"wp:attachment":[{"href":"https:\/\/lospoliticosveracruz.com.mx\/index.php?rest_route=%2Fwp%2Fv2%2Fmedia&parent=64358"}],"wp:term":[{"taxonomy":"category","embeddable":true,"href":"https:\/\/lospoliticosveracruz.com.mx\/index.php?rest_route=%2Fwp%2Fv2%2Fcategories&post=64358"},{"taxonomy":"post_tag","embeddable":true,"href":"https:\/\/lospoliticosveracruz.com.mx\/index.php?rest_route=%2Fwp%2Fv2%2Ftags&post=64358"}],"curies":[{"name":"wp","href":"https:\/\/api.w.org\/{rel}","templated":true}]}}