{"id":64412,"date":"2020-11-24T13:41:06","date_gmt":"2020-11-24T19:41:06","guid":{"rendered":"http:\/\/www.lospoliticosveracruz.com.mx\/?p=64412"},"modified":"2020-11-24T13:41:06","modified_gmt":"2020-11-24T19:41:06","slug":"pasen-por-su-beca","status":"publish","type":"post","link":"https:\/\/lospoliticosveracruz.com.mx\/?p=64412","title":{"rendered":"Pasen por su Beca!"},"content":{"rendered":"<p>&nbsp;<\/p>\n<p>Del 24 al 27 de noviembre el Ayuntamiento de C\u00f3rdoba entregar\u00e1 los apoyos correspondientes a las becas C\u00f3rdoba Brilla Contigo en beneficio de 433 estudiantes de primaria, secundaria, bachillerato y universidad, inform\u00f3 Jorge L\u00f3pez Tress, director de Educaci\u00f3n y Deporte.<br \/>\nSe\u00f1al\u00f3 que estas becas de recursos municipales constan de un apoyo de 400 pesos a estudiantes de primaria y secundaria, mil pesos a estudiantes de bachillerato y mil 300 pesos a quienes estudian en universidad.<br \/>\n\u201cLa presidenta municipal Leticia L\u00f3pez Landero nos ha instruido para que apoyemos a las y los estudiantes de nuestro municipio, aquellos que no cuentan con ning\u00fan apoyo gubernamental y que presentan la necesidad para poder continuar sus estudios\u201d, inform\u00f3 L\u00f3pez Tress.<\/p>\n<p>Afirm\u00f3 que para la entrega de estos apoyos se cuentan con las medidas sanitarias para evitar aglomeraciones y procurar la salud de las y los beneficiarios y sus familias.<\/p>\n<p>Puso a disposici\u00f3n las l\u00edneas de la oficina de Educaci\u00f3n y Deporte las cuales son 271 7171700, extensiones 1728 y 1786 a las cuales podr\u00e1n comunicarse para conocer sobre el proceso de la entrega de estas becas.<\/p>\n","protected":false},"excerpt":{"rendered":"<p>&nbsp; Del 24 al 27 de noviembre el Ayuntamiento de C\u00f3rdoba entregar\u00e1 los apoyos correspondientes a las becas C\u00f3rdoba Brilla Contigo en beneficio de 433 estudiantes de primaria, secundaria, bachillerato y universidad, inform\u00f3 Jorge L\u00f3pez Tress, director de Educaci\u00f3n y Deporte. Se\u00f1al\u00f3 que estas becas de recursos municipales constan de un apoyo de 400 pesos [&hellip;]<\/p>\n","protected":false},"author":2,"featured_media":0,"comment_status":"open","ping_status":"open","sticky":false,"template":"","format":"standard","meta":{"_jetpack_newsletter_access":"","_jetpack_dont_email_post_to_subs":false,"_jetpack_newsletter_tier_id":0,"_jetpack_memberships_contains_paywalled_content":false,"_jetpack_memberships_contains_paid_content":false,"footnotes":""},"categories":[73],"tags":[23862,23863,20288,18828,7641],"class_list":["post-64412","post","type-post","status-publish","format-standard","hentry","category-de-boleto","tag-becas-cordoba","tag-brilla-contigo","tag-educacion-y-deporte","tag-jorge-lopez-tress","tag-leticia-lopez-landero"],"jetpack_featured_media_url":"","jetpack_sharing_enabled":true,"jetpack_shortlink":"https:\/\/wp.me\/p4Qcd3-gKU","_links":{"self":[{"href":"https:\/\/lospoliticosveracruz.com.mx\/index.php?rest_route=\/wp\/v2\/posts\/64412","targetHints":{"allow":["GET"]}}],"collection":[{"href":"https:\/\/lospoliticosveracruz.com.mx\/index.php?rest_route=\/wp\/v2\/posts"}],"about":[{"href":"https:\/\/lospoliticosveracruz.com.mx\/index.php?rest_route=\/wp\/v2\/types\/post"}],"author":[{"embeddable":true,"href":"https:\/\/lospoliticosveracruz.com.mx\/index.php?rest_route=\/wp\/v2\/users\/2"}],"replies":[{"embeddable":true,"href":"https:\/\/lospoliticosveracruz.com.mx\/index.php?rest_route=%2Fwp%2Fv2%2Fcomments&post=64412"}],"version-history":[{"count":1,"href":"https:\/\/lospoliticosveracruz.com.mx\/index.php?rest_route=\/wp\/v2\/posts\/64412\/revisions"}],"predecessor-version":[{"id":64414,"href":"https:\/\/lospoliticosveracruz.com.mx\/index.php?rest_route=\/wp\/v2\/posts\/64412\/revisions\/64414"}],"wp:attachment":[{"href":"https:\/\/lospoliticosveracruz.com.mx\/index.php?rest_route=%2Fwp%2Fv2%2Fmedia&parent=64412"}],"wp:term":[{"taxonomy":"category","embeddable":true,"href":"https:\/\/lospoliticosveracruz.com.mx\/index.php?rest_route=%2Fwp%2Fv2%2Fcategories&post=64412"},{"taxonomy":"post_tag","embeddable":true,"href":"https:\/\/lospoliticosveracruz.com.mx\/index.php?rest_route=%2Fwp%2Fv2%2Ftags&post=64412"}],"curies":[{"name":"wp","href":"https:\/\/api.w.org\/{rel}","templated":true}]}}