{"id":64577,"date":"2020-11-27T10:58:18","date_gmt":"2020-11-27T16:58:18","guid":{"rendered":"http:\/\/www.lospoliticosveracruz.com.mx\/?p=64577"},"modified":"2020-11-27T10:58:18","modified_gmt":"2020-11-27T16:58:18","slug":"invasion-zumba","status":"publish","type":"post","link":"https:\/\/lospoliticosveracruz.com.mx\/?p=64577","title":{"rendered":"Invasi\u00f3n Zumba!"},"content":{"rendered":"<p>&nbsp;<\/p>\n<p>Vecinos de la calle Loma Escondida del fraccionamiento Lomas Verdes, de Xalapa, denunciaron que un grupo de \u00abzumba\u00bb se adue\u00f1\u00f3 de \u00e1reas verdes, y no permiten que ni\u00f1os y j\u00f3venes hagan uso de la cancha para jugar.<br \/>\nSe trata de un espacio abierto y el \u00fanico lugar de esparcimiento seguro en medio de la pandemia por el coronavirus.<br \/>\nLas se\u00f1oras que llegan a realizar ejercicio lo hacen por la tarde y \u00absi hay ni\u00f1os les piden que se vayan a sus casas para poder realizar sus ejercicios\u00bb, denunci\u00f3 un vecino.<br \/>\nLo m\u00e1s grave, dijo, es que presumen contar con \u00abamigos\u00bb en el ayuntamiento de Xalapa.<br \/>\n\u201cSe pararon ah\u00ed, nosotros ni siquiera est\u00e1bamos ocupando toda la cancha y les dije que si me quitaba o que, no me contestaban solo se quedaron ah\u00ed paradas, me dicen vecinos que siempre hacen eso, que tienen permiso del ayuntamiento, pero no se vale, mis ni\u00f1os se espantaron mejor nos fuimos, el espacio es de todos\u00bb.<br \/>\nDe acuerdo a vecinos de la calle Loma Escondida, han sido ellos mismos los que se han encargado durante a\u00f1os de darle mantenimiento a este espacio p\u00fablico, manteniendo limpieza y seguridad en el mismo.<br \/>\nPor lo que hacen un llamado a las autoridades municipales para que pongan orden \u00abporque se trata de \u00e1reas comunes\u00bb.<\/p>\n","protected":false},"excerpt":{"rendered":"<p>&nbsp; Vecinos de la calle Loma Escondida del fraccionamiento Lomas Verdes, de Xalapa, denunciaron que un grupo de \u00abzumba\u00bb se adue\u00f1\u00f3 de \u00e1reas verdes, y no permiten que ni\u00f1os y j\u00f3venes hagan uso de la cancha para jugar. Se trata de un espacio abierto y el \u00fanico lugar de esparcimiento seguro en medio de la [&hellip;]<\/p>\n","protected":false},"author":2,"featured_media":0,"comment_status":"open","ping_status":"open","sticky":false,"template":"","format":"standard","meta":{"_jetpack_newsletter_access":"","_jetpack_dont_email_post_to_subs":false,"_jetpack_newsletter_tier_id":0,"_jetpack_memberships_contains_paywalled_content":false,"_jetpack_memberships_contains_paid_content":false,"footnotes":""},"categories":[6446],"tags":[1534,23954,23952,23953,23955,96],"class_list":["post-64577","post","type-post","status-publish","format-standard","hentry","category-la-nota","tag-ayuntamiento-de-xalapa","tag-esparcimiento-seguro","tag-fraccionamiento-lomas-verdes","tag-grupo-de-zumba","tag-loma-escondida","tag-xalapa"],"jetpack_featured_media_url":"","jetpack_sharing_enabled":true,"jetpack_shortlink":"https:\/\/wp.me\/p4Qcd3-gNz","_links":{"self":[{"href":"https:\/\/lospoliticosveracruz.com.mx\/index.php?rest_route=\/wp\/v2\/posts\/64577","targetHints":{"allow":["GET"]}}],"collection":[{"href":"https:\/\/lospoliticosveracruz.com.mx\/index.php?rest_route=\/wp\/v2\/posts"}],"about":[{"href":"https:\/\/lospoliticosveracruz.com.mx\/index.php?rest_route=\/wp\/v2\/types\/post"}],"author":[{"embeddable":true,"href":"https:\/\/lospoliticosveracruz.com.mx\/index.php?rest_route=\/wp\/v2\/users\/2"}],"replies":[{"embeddable":true,"href":"https:\/\/lospoliticosveracruz.com.mx\/index.php?rest_route=%2Fwp%2Fv2%2Fcomments&post=64577"}],"version-history":[{"count":1,"href":"https:\/\/lospoliticosveracruz.com.mx\/index.php?rest_route=\/wp\/v2\/posts\/64577\/revisions"}],"predecessor-version":[{"id":64579,"href":"https:\/\/lospoliticosveracruz.com.mx\/index.php?rest_route=\/wp\/v2\/posts\/64577\/revisions\/64579"}],"wp:attachment":[{"href":"https:\/\/lospoliticosveracruz.com.mx\/index.php?rest_route=%2Fwp%2Fv2%2Fmedia&parent=64577"}],"wp:term":[{"taxonomy":"category","embeddable":true,"href":"https:\/\/lospoliticosveracruz.com.mx\/index.php?rest_route=%2Fwp%2Fv2%2Fcategories&post=64577"},{"taxonomy":"post_tag","embeddable":true,"href":"https:\/\/lospoliticosveracruz.com.mx\/index.php?rest_route=%2Fwp%2Fv2%2Ftags&post=64577"}],"curies":[{"name":"wp","href":"https:\/\/api.w.org\/{rel}","templated":true}]}}