{"id":64662,"date":"2020-11-29T20:19:29","date_gmt":"2020-11-30T02:19:29","guid":{"rendered":"http:\/\/www.lospoliticosveracruz.com.mx\/?p=64662"},"modified":"2020-11-29T20:19:29","modified_gmt":"2020-11-30T02:19:29","slug":"si-no-hay-villa-iluminada-colapsa-xico","status":"publish","type":"post","link":"https:\/\/lospoliticosveracruz.com.mx\/?p=64662","title":{"rendered":"Si no hay Villa Iluminada, colapsa Xico"},"content":{"rendered":"<p>En plena pandemia por el coronavirus, se inaugur\u00f3 la Villa Iluminada, que inici\u00f3 la noche de este domingo en el municipio de Xico, que concentr\u00f3 a cientos de personas.<br \/>\nLa alcaldesa Gloria Galv\u00e1n justific\u00f3 que resulta importante para reactivar la econom\u00eda del pueblo m\u00e1gico.<br \/>\nAsegur\u00f3 que como medida sanitaria para evitar los contagios, se colocaron t\u00faneles sanitizantes.<br \/>\nAdem\u00e1s, afirm\u00f3 que s\u00ed se tomaron las medidas preventivas a las entradas y salidas el municipio y consider\u00f3 que el uso del cubrebocas es de corresponsabilidad.<br \/>\n\u00abPero tambi\u00e9n quiero decirle que si nosotros no hacemos estos eventos, la econom\u00eda va a colapsar. Entonces hoy tenemos dos problemas salud y econom\u00eda. Entonces s\u00ed hay carteles donde se pide el uso de cubrebocas, no es un tema de ahorita\u00bb.<br \/>\nLa calle principal de Xico se vi\u00f3 repleta de personas para tomarse fotograf\u00edas con los motivos navide\u00f1os.<br \/>\nEn ese sentido, la edil aclar\u00f3 que el sem\u00e1foro epidemiol\u00f3gico del municipio est\u00e1 en amarillo.<br \/>\n\u00abXico est\u00e1 en sem\u00e1foro amarillo y en Xico en este mes no se ha reportado ning\u00fan caso, esto va a ayudar a las familias. Tengo una carta dirigida a mi persona (por parte de los empresarios, en d\u00f3nde me est\u00e1n pidiendo reactivar la econom\u00eda o van a cerrar los negocios\u00bb.<\/p>\n","protected":false},"excerpt":{"rendered":"<p>En plena pandemia por el coronavirus, se inaugur\u00f3 la Villa Iluminada, que inici\u00f3 la noche de este domingo en el municipio de Xico, que concentr\u00f3 a cientos de personas. La alcaldesa Gloria Galv\u00e1n justific\u00f3 que resulta importante para reactivar la econom\u00eda del pueblo m\u00e1gico. Asegur\u00f3 que como medida sanitaria para evitar los contagios, se colocaron [&hellip;]<\/p>\n","protected":false},"author":2,"featured_media":0,"comment_status":"open","ping_status":"open","sticky":false,"template":"","format":"standard","meta":{"_jetpack_newsletter_access":"","_jetpack_dont_email_post_to_subs":false,"_jetpack_newsletter_tier_id":0,"_jetpack_memberships_contains_paywalled_content":false,"_jetpack_memberships_contains_paid_content":false,"footnotes":""},"categories":[6446],"tags":[16264,17829,2228,14795,784],"class_list":["post-64662","post","type-post","status-publish","format-standard","hentry","category-la-nota","tag-coronavirus","tag-covid","tag-economia","tag-gloria-galvan","tag-xico"],"jetpack_featured_media_url":"","jetpack_sharing_enabled":true,"jetpack_shortlink":"https:\/\/wp.me\/p4Qcd3-gOW","_links":{"self":[{"href":"https:\/\/lospoliticosveracruz.com.mx\/index.php?rest_route=\/wp\/v2\/posts\/64662","targetHints":{"allow":["GET"]}}],"collection":[{"href":"https:\/\/lospoliticosveracruz.com.mx\/index.php?rest_route=\/wp\/v2\/posts"}],"about":[{"href":"https:\/\/lospoliticosveracruz.com.mx\/index.php?rest_route=\/wp\/v2\/types\/post"}],"author":[{"embeddable":true,"href":"https:\/\/lospoliticosveracruz.com.mx\/index.php?rest_route=\/wp\/v2\/users\/2"}],"replies":[{"embeddable":true,"href":"https:\/\/lospoliticosveracruz.com.mx\/index.php?rest_route=%2Fwp%2Fv2%2Fcomments&post=64662"}],"version-history":[{"count":1,"href":"https:\/\/lospoliticosveracruz.com.mx\/index.php?rest_route=\/wp\/v2\/posts\/64662\/revisions"}],"predecessor-version":[{"id":64664,"href":"https:\/\/lospoliticosveracruz.com.mx\/index.php?rest_route=\/wp\/v2\/posts\/64662\/revisions\/64664"}],"wp:attachment":[{"href":"https:\/\/lospoliticosveracruz.com.mx\/index.php?rest_route=%2Fwp%2Fv2%2Fmedia&parent=64662"}],"wp:term":[{"taxonomy":"category","embeddable":true,"href":"https:\/\/lospoliticosveracruz.com.mx\/index.php?rest_route=%2Fwp%2Fv2%2Fcategories&post=64662"},{"taxonomy":"post_tag","embeddable":true,"href":"https:\/\/lospoliticosveracruz.com.mx\/index.php?rest_route=%2Fwp%2Fv2%2Ftags&post=64662"}],"curies":[{"name":"wp","href":"https:\/\/api.w.org\/{rel}","templated":true}]}}