{"id":64732,"date":"2020-12-01T08:10:01","date_gmt":"2020-12-01T14:10:01","guid":{"rendered":"http:\/\/www.lospoliticosveracruz.com.mx\/?p=64732"},"modified":"2020-12-01T08:11:19","modified_gmt":"2020-12-01T14:11:19","slug":"el-regreso-del-chiqui-jedi","status":"publish","type":"post","link":"https:\/\/lospoliticosveracruz.com.mx\/?p=64732","title":{"rendered":"El regreso del Chiqui-Jedi"},"content":{"rendered":"<p>&nbsp;<\/p>\n<p><strong>Ricardo Ch\u00faa<\/strong><br \/>\n<em>Sale y Vale<\/em><\/p>\n<p>&nbsp;<\/p>\n<p>Despu\u00e9s de la exclusiva obtenida por la \u00abvecina\u00bb Mimi Valdez para NOTIVER, al entrevistar a Miguel \u00c1ngel Yunes M\u00e1rquez, sobre su regreso a la pol\u00edtica&#8230; Luego de muchas especulaciones sobre si participaba o no en busca de la candidatura panista a la alcald\u00eda de Veracruz&#8230; Despu\u00e9s de su v\u00eddeos en redes sociales y las fotos que se \u00abfiltraron\u00bb del mensaje grabado el viernes pasado&#8230; Ya se ha dicho y escrito bastante, pero creo pol\u00e9mica&#8230;. \u00c1ngel o Demonio&#8230; Azul&#8230;.<\/p>\n<p>&nbsp;<a href=\"https:\/\/www.facebook.com\/notaria61veracruz\/\"><img decoding=\"async\" src=\"http:\/\/www.lospoliticosveracruz.com.mx\/wp-content\/uploads\/2020\/07\/CINTILLO-Armando.jpg\" alt=\"\" \/><\/a><\/p>\n<p>Al hacerlo p\u00fablico, las redes sociales se \u00abdispararon\u00bb en comentarios adversos y a favor&#8230; Unos lo recuerdan bien, otros no tanto&#8230; Muchos dicen que fue un excelente alcalde&#8230; Otros que fue mal candidato a gobernador&#8230; Que por eso perdi\u00f3 en 2018&#8230; Pero tal como \u00e9l dice, \u00abque no hay derrotas definitivas\u00bb&#8230; Sus simpatizantes lo ven como una especie de \u00abLuke Skywalker\u00bb, que adem\u00e1s se siente \u00abSuperman\u00bb&#8230; Sus adversarios se\u00f1alan que hay de que preocuparse, se sigue viendo soberbio&#8230; Tipo pol\u00e9mico&#8230;<br \/>\nPero contrario a lo que dicen sus impulsores pol\u00edticos y medi\u00e1ticos&#8230; Los \u00abgrillos\u00bb de caf\u00e9 mencionan que por esa situaci\u00f3n, no creen que este \u00abregreso\u00bb le funcione&#8230; Adem\u00e1s que la figura de su hermano, Fernando Yunes, le puede hacer \u00absombra\u00bb en ese crecimiento que espera en 2021&#8230; A pesar que la marca PAN, que tiene un sector de ese partido dominado en el puerto de Veracruz, el otro lo tiene Bingen Rementeria, est\u00e1 muy posicionada entre la ciudadan\u00eda y es dif\u00edcil que pierda con cualquiera que sea el candidato&#8230;<br \/>\nEn la entrevista, Yunes M\u00e1rquez habla de un regreso a la pol\u00edtica por todo lo que est\u00e1 pasando en MORENA y en el gobierno de Cuitl\u00e1huac Garc\u00eda&#8230; Y que ellos, ser\u00e1n cr\u00edticos de un sistema que no ha funcionado del todo&#8230; Al mismo estilo que Ricardo Anaya a nivel nacional&#8230; Pero lo que Yunes Junior, no midi\u00f3 o m\u00e1s bien, no esperaba&#8230; Es que su \u00abregreso\u00bb a la pol\u00edtica, es rebasado por mucho, por el tema de la ALIANZA de partidos de oposici\u00f3n&#8230;<br \/>\nAl final de cuentas, el regreso de Miguel Yunes junior, no era una \u00abNECESIDAD O URGENCIA\u00bb pol\u00edtica para enfrentar al gobierno de MORENA estatal y federal en Veracruz&#8230; Los que saben del tema, tienen la certeza que Miguel volvi\u00f3 por lo suyo y para cuidar el \u00abterritorio conquistado\u00bb (el puerto de Veracruz) tal como lo recomienda Maquiavelo en su libro \u00abEl Pr\u00edncipe\u00bb&#8230; Ya que por el momento, nadie le pidi\u00f3 ese regreso porque hay otros actores en el PAN, que tienen ocupado el sitio que dej\u00f3 vac\u00edo hace 2 a\u00f1os&#8230;<br \/>\nYa que muchos en Veracruz se preguntan: Por qu\u00e9 esper\u00f3 2 a\u00f1os para el regreso&#8230; Acaso era por la cercan\u00eda del proceso de sucesi\u00f3n municipal de su hermano para volverse impulsar, pese a otras figuras&#8230; Pero tambi\u00e9n las dudas que surgen&#8230; Si la campa\u00f1a de su pap\u00e1 y luego su gobierno estatal del 2016, del cual bas\u00f3 su plataforma de campa\u00f1a en 2018&#8230; Fue armada criticando, persiguiendo y encarcelando a figuras priistas&#8230;. Qu\u00e9 har\u00e1 si el PAN hace alianza con el PRI&#8230; \u00bfSe opondr\u00e1 o la aceptar\u00e1 sin reservas?&#8230;<br \/>\nHabr\u00e1 que ver si ese n\u00famero obtenido en 2018&#8230; Por su campa\u00f1a y sus alianzas con priistas, que se traicionaron a su partido o los \u00abapretaron\u00bb para que votaran por \u00e9l, que fueron un mill\u00f3n 400 mil votos, los sigue conservando, le siguen siendo leales o simplemente, ya se fueron con otra opci\u00f3n o est\u00e1n conformes con la alianza opositora y no con los Yunes Azules&#8230; Mismo caso se aplicar\u00eda a MORENA con el mill\u00f3n 600 mil obtenidos por Cuitl\u00e1huac Garc\u00eda&#8230; \u00bfConservaran ese mismo porcentaje los dos?&#8230; Es la duda&#8230;<br \/>\nOtra de las dudas, es que a diferencia del 2007 y 2013 cuando fue candidato a alcalde de Boca del R\u00edo por el PAN&#8230; All\u00e1 no dej\u00f3 y no creci\u00f3 nadie pol\u00edticamente que le hiciera \u00absombra\u00bb&#8230; Ac\u00e1 en el puerto&#8230; La figura de Bingen Rementer\u00eda va a disputarle con todo esa campa\u00f1a interna&#8230; Los dos son junior&#8230; A los dos, los pap\u00e1s los hicieron pol\u00edticos y hasta diputados locales&#8230; Los dos han ganado sus elecciones&#8230; Los dos son millonarios con \u00abharta\u00bb lana para gastarla en un proceso interno&#8230; Hasta \u00abmu\u00f1ecos\u00bb parecen&#8230;<br \/>\nEl caso aqu\u00ed es que si Miguel le gana el proceso interno a Bingen&#8230; Se va a fortalecer al interior del PAN&#8230; Si lo pierde&#8230; Puede ser un adi\u00f3s adelantado&#8230; Otros ocuparan su lugar&#8230; Ya que si la alianza opositora creciera, por los triunfos obtenidos en 2021, otras figuras tambi\u00e9n pueden regresar y habr\u00e1 que esperar, si el PAN encabeza el proyecto en 4 a\u00f1os&#8230; Al igual que regres\u00f3 MIguel, en el PRI en 2024, puede que se d\u00e9 el regreso de otro Yunes: PEPE&#8230; AMEN&#8230; HOY NADA EST\u00c1 ESCRITO&#8230;<\/p>\n<p>QUE COMIENCE LA FIESTA&#8230; La otra lectura que se puede dar al regreso de Miguel \u00c1ngel Yunes M\u00e1rquez, a la escena pol\u00edtica, de nuevo&#8230; Es que los Yunes Azules vienen por la REVANCHA&#8230; Ya que tienen la fama de ser \u00abpeleadores callejeros\u00bb que no le temen a nada o nadie&#8230; Porque tienen estructura pol\u00edtica y de partido, alianzas con otros organismos pol\u00edticos&#8230; Tienen dinero suficiente para invertirle&#8230; Saben para qu\u00e9 sirve el \u00abvaro\u00bb en el poder&#8230; Y vienen por todo en Veracruz&#8230; A recuperar el \u00abterritorio perdido\u00bb&#8230;<br \/>\nSeguramente \u00e9l, su pap\u00e1 y su hermano van a meterse con todo otra vez, para recuperar el proyecto iniciado en 2016 y perdido en 2018&#8230; Tanto en la elecci\u00f3n federal y local en Veracruz&#8230; De crecer y ganar&#8230; Los Yunes Azules ser\u00e1n en la \u00absegunda recta\u00bb del gobierno de Cuitl\u00e1huac Garc\u00eda, un \u00abcadillo\u00bb o una \u00abpiedra en el zapato dur\u00edsimo\u00bb de esa administraci\u00f3n de MORENA&#8230; Imaginen a Fernando \u00abpluri\u00bb en el Congreso Local&#8230; El ChiquiYunes como alcalde y PapaYunes de legislador federal&#8230; 3 en 1.. ASPTM..<br \/>\nPero tambi\u00e9n saben los Yunes Azules que no pueden ocupar las mismas t\u00e1cticas&#8230; Ahora en caso contrario al 2018&#8230; En las comarcas \u00abazules\u00bb bajo su control&#8230; Dejar\u00e1n que crezca el PRD y PRI&#8230; Con la finalidad de \u00abdebilitar\u00bb al PAN que no controlan&#8230; De esa manera, dejan el \u00absello de la casa\u00bb, que sin Fernando y los Miguel 1 y 2, pues, el PAN no gana&#8230; Al menos, que los Yunes no logren como candidatos superar o estar encima de la coalici\u00f3n opositora&#8230; Entonces, si&#8230; DIOS LOS BENDIGA y BYE.. BYE&#8230;<\/p>\n","protected":false},"excerpt":{"rendered":"<p>&nbsp; Ricardo Ch\u00faa Sale y Vale &nbsp; Despu\u00e9s de la exclusiva obtenida por la \u00abvecina\u00bb Mimi Valdez para NOTIVER, al entrevistar a Miguel \u00c1ngel Yunes M\u00e1rquez, sobre su regreso a la pol\u00edtica&#8230; Luego de muchas especulaciones sobre si participaba o no en busca de la candidatura panista a la alcald\u00eda de Veracruz&#8230; Despu\u00e9s de su [&hellip;]<\/p>\n","protected":false},"author":2,"featured_media":0,"comment_status":"open","ping_status":"open","sticky":false,"template":"","format":"standard","meta":{"_jetpack_newsletter_access":"","_jetpack_dont_email_post_to_subs":false,"_jetpack_newsletter_tier_id":0,"_jetpack_memberships_contains_paywalled_content":false,"_jetpack_memberships_contains_paid_content":false,"footnotes":""},"categories":[70],"tags":[4684,24041,1563,536,1026,266,24042,2850],"class_list":["post-64732","post","type-post","status-publish","format-standard","hentry","category-de-opinion","tag-bingen-rementeria","tag-candidatura-panista","tag-cuitlahuac-garcia-jimenez","tag-miguel-angel-yunes-marquez","tag-morena","tag-pan","tag-pri-en-2024","tag-ricardo-anaya"],"jetpack_featured_media_url":"","jetpack_sharing_enabled":true,"jetpack_shortlink":"https:\/\/wp.me\/p4Qcd3-gQ4","_links":{"self":[{"href":"https:\/\/lospoliticosveracruz.com.mx\/index.php?rest_route=\/wp\/v2\/posts\/64732","targetHints":{"allow":["GET"]}}],"collection":[{"href":"https:\/\/lospoliticosveracruz.com.mx\/index.php?rest_route=\/wp\/v2\/posts"}],"about":[{"href":"https:\/\/lospoliticosveracruz.com.mx\/index.php?rest_route=\/wp\/v2\/types\/post"}],"author":[{"embeddable":true,"href":"https:\/\/lospoliticosveracruz.com.mx\/index.php?rest_route=\/wp\/v2\/users\/2"}],"replies":[{"embeddable":true,"href":"https:\/\/lospoliticosveracruz.com.mx\/index.php?rest_route=%2Fwp%2Fv2%2Fcomments&post=64732"}],"version-history":[{"count":2,"href":"https:\/\/lospoliticosveracruz.com.mx\/index.php?rest_route=\/wp\/v2\/posts\/64732\/revisions"}],"predecessor-version":[{"id":64734,"href":"https:\/\/lospoliticosveracruz.com.mx\/index.php?rest_route=\/wp\/v2\/posts\/64732\/revisions\/64734"}],"wp:attachment":[{"href":"https:\/\/lospoliticosveracruz.com.mx\/index.php?rest_route=%2Fwp%2Fv2%2Fmedia&parent=64732"}],"wp:term":[{"taxonomy":"category","embeddable":true,"href":"https:\/\/lospoliticosveracruz.com.mx\/index.php?rest_route=%2Fwp%2Fv2%2Fcategories&post=64732"},{"taxonomy":"post_tag","embeddable":true,"href":"https:\/\/lospoliticosveracruz.com.mx\/index.php?rest_route=%2Fwp%2Fv2%2Ftags&post=64732"}],"curies":[{"name":"wp","href":"https:\/\/api.w.org\/{rel}","templated":true}]}}