{"id":64750,"date":"2020-12-01T10:17:04","date_gmt":"2020-12-01T16:17:04","guid":{"rendered":"http:\/\/www.lospoliticosveracruz.com.mx\/?p=64750"},"modified":"2020-12-01T10:17:04","modified_gmt":"2020-12-01T16:17:04","slug":"les-valio-a-los-mairos-la-sana-distancia","status":"publish","type":"post","link":"https:\/\/lospoliticosveracruz.com.mx\/?p=64750","title":{"rendered":"Les vali\u00f3 a los mairos la Sana Distancia!"},"content":{"rendered":"<p>&nbsp;<\/p>\n<p><a href=\"http:\/\/www.lospoliticosveracruz.com.mx\/wp-content\/uploads\/2020\/12\/sindicatos-magisteriales.jpg\"><img loading=\"lazy\" decoding=\"async\" class=\"aligncenter size-full wp-image-64751\" src=\"http:\/\/www.lospoliticosveracruz.com.mx\/wp-content\/uploads\/2020\/12\/sindicatos-magisteriales.jpg\" alt=\"sindicatos magisteriales\" width=\"620\" height=\"300\" \/><\/a>La comparecencia del Secretario de Educaci\u00f3n, Zenyazen Escobar Garc\u00eda, moviliz\u00f3 a docentes en el congreso local, a pesar del llamado del Secretario de Salud, Roberto Ramos Alor, a evitar aglomeraciones porque en la regi\u00f3n de Xalapa se espera un repunte del coronavirus.<br \/>\nCon pancartas a favor del trabajo de Escobar Garc\u00eda, se dieron cita diversos sindicatos magisteriales, que debido a la pandemia no est\u00e1n en clases.<br \/>\nApenas este domingo, la alcaldesa de Xico, Gloria Galv\u00e1n, fue duramente criticada por encabezar el encendido de luces de la Villa Iluminada.<br \/>\nLa Secretaria de Salud mantiene su recomendaci\u00f3n a la responsabilidad de la poblaci\u00f3n para evitar aglomeraciones.\u00bb<br \/>\nEl coronavirus sigue presente y la nueva normalidad exige mantener todas las medidas preventivas.<\/p>\n","protected":false},"excerpt":{"rendered":"<p>&nbsp; La comparecencia del Secretario de Educaci\u00f3n, Zenyazen Escobar Garc\u00eda, moviliz\u00f3 a docentes en el congreso local, a pesar del llamado del Secretario de Salud, Roberto Ramos Alor, a evitar aglomeraciones porque en la regi\u00f3n de Xalapa se espera un repunte del coronavirus. Con pancartas a favor del trabajo de Escobar Garc\u00eda, se dieron cita [&hellip;]<\/p>\n","protected":false},"author":2,"featured_media":0,"comment_status":"open","ping_status":"open","sticky":false,"template":"","format":"standard","meta":{"_jetpack_newsletter_access":"","_jetpack_dont_email_post_to_subs":false,"_jetpack_newsletter_tier_id":0,"_jetpack_memberships_contains_paywalled_content":false,"_jetpack_memberships_contains_paid_content":false,"footnotes":""},"categories":[6446],"tags":[819,14795,12606,2418,96,12372],"class_list":["post-64750","post","type-post","status-publish","format-standard","hentry","category-la-nota","tag-congreso-local","tag-gloria-galvan","tag-roberto-ramos-alor","tag-secretario-de-educacion","tag-xalapa","tag-zenyazen-escobar-garcia"],"jetpack_featured_media_url":"","jetpack_sharing_enabled":true,"jetpack_shortlink":"https:\/\/wp.me\/p4Qcd3-gQm","_links":{"self":[{"href":"https:\/\/lospoliticosveracruz.com.mx\/index.php?rest_route=\/wp\/v2\/posts\/64750","targetHints":{"allow":["GET"]}}],"collection":[{"href":"https:\/\/lospoliticosveracruz.com.mx\/index.php?rest_route=\/wp\/v2\/posts"}],"about":[{"href":"https:\/\/lospoliticosveracruz.com.mx\/index.php?rest_route=\/wp\/v2\/types\/post"}],"author":[{"embeddable":true,"href":"https:\/\/lospoliticosveracruz.com.mx\/index.php?rest_route=\/wp\/v2\/users\/2"}],"replies":[{"embeddable":true,"href":"https:\/\/lospoliticosveracruz.com.mx\/index.php?rest_route=%2Fwp%2Fv2%2Fcomments&post=64750"}],"version-history":[{"count":1,"href":"https:\/\/lospoliticosveracruz.com.mx\/index.php?rest_route=\/wp\/v2\/posts\/64750\/revisions"}],"predecessor-version":[{"id":64753,"href":"https:\/\/lospoliticosveracruz.com.mx\/index.php?rest_route=\/wp\/v2\/posts\/64750\/revisions\/64753"}],"wp:attachment":[{"href":"https:\/\/lospoliticosveracruz.com.mx\/index.php?rest_route=%2Fwp%2Fv2%2Fmedia&parent=64750"}],"wp:term":[{"taxonomy":"category","embeddable":true,"href":"https:\/\/lospoliticosveracruz.com.mx\/index.php?rest_route=%2Fwp%2Fv2%2Fcategories&post=64750"},{"taxonomy":"post_tag","embeddable":true,"href":"https:\/\/lospoliticosveracruz.com.mx\/index.php?rest_route=%2Fwp%2Fv2%2Ftags&post=64750"}],"curies":[{"name":"wp","href":"https:\/\/api.w.org\/{rel}","templated":true}]}}