{"id":64754,"date":"2020-12-01T10:30:23","date_gmt":"2020-12-01T16:30:23","guid":{"rendered":"http:\/\/www.lospoliticosveracruz.com.mx\/?p=64754"},"modified":"2020-12-01T10:30:23","modified_gmt":"2020-12-01T16:30:23","slug":"mas-crisis-pobreza-y-deformacion-de-la-economia","status":"publish","type":"post","link":"https:\/\/lospoliticosveracruz.com.mx\/?p=64754","title":{"rendered":"M\u00e1s crisis, pobreza y deformaci\u00f3n de la econom\u00eda"},"content":{"rendered":"<p><strong>Rafael Arias Hern\u00e1ndez<\/strong><\/p>\n<p><em>Mutatis mutandis<\/em><\/p>\n<p>Aumentan los pobres, a casi dos de cada tres; y los hambrientos, llegan a diez y seis de cada cien. Negarlo, esconderlo, minimizarlo es irresponsable y hasta criminal. \u00bfPrimero los pobres?<br \/>\nAlgunas instituciones internacionales, como CEPAL, sostienen que \u00abel porcentaje de mexicanos en situaci\u00f3n de pobreza y pobreza extrema pasar\u00e1 de 53% a 66.9%, del total de la poblaci\u00f3n en 2020. Y tambi\u00e9n la misma CEPAL ha sostenido, a trav\u00e9s de su Secretaria Ejecutiva, Alicia B\u00e1rcenas que: \u00ab\u2026los gobiernos, todos han ido tomando medidas muy importantes para paliar estos efectos en t\u00e9rminos de ingresos a los m\u00e1s vulnerables, en el caso de M\u00e9xico adelantar pensiones a los adultos mayores\u2026 Creo que todos los gobiernos est\u00e1n intentando responder a la emergencia en el corto plazo e ir pensando c\u00f3mo se pueden sostener estas medidas en el mediano plazo\u00bb (EXPANSI\u00d3N. 150720)<br \/>\nEs obvio que estamos en RECESION, que la Econom\u00eda ha retrocedido poco m\u00e1s del 9 % anual del PIB mexicano; y que comparativamente, estamos a\u00f1os atr\u00e1s de los niveles alcanzados en 2019, en una crisis similar a la padecida hace 90 a\u00f1os. No es ni ser\u00e1 f\u00e1cil y r\u00e1pido recuperar lo perdido, llegar a donde est\u00e1bamos antes.<br \/>\nEs m\u00e1s. Gobiernos pobres, pobres gobiernos, es otra obligada tem\u00e1tica a tratar y atender de inmediato. La pandemia actual, tambi\u00e9n ha puesto al descubierto insuficiencias, ineficiencias, limitaciones, defectos y perversidades, de \u00e1reas gubernamentales importantes, como: sector salud, seguridad, finanzas p\u00fablicas, educaci\u00f3n, procuraci\u00f3n y administraci\u00f3n de justicia, y otros m\u00e1s. Excepciones aparte, hay demasiada ignorancia y desconocimiento, improvisaci\u00f3n y ocurrencias. La discrecionalidad y la ineptitud oficial, incrementa y complica la nueva realidad. Urgente gobernar al gobierno, para asegurar su efectividad.<\/p>\n<p><em><strong>BAJAN INGRESOS, CRECE POBREZA<\/strong><\/em><br \/>\nImprescindible asegurar la capacidad de satisfacer las necesidades b\u00e1sicas de la poblaci\u00f3n. Empezando por las que exigen atenci\u00f3n inmediata, efectiva y suficiente.<br \/>\nM\u00e9xico retrocede en Econom\u00eda y bienestar. Los pobres aumentan y la situaci\u00f3n se complica, y determina no seguir en m\u00e1s de lo mismo.<br \/>\nEsa misma situaci\u00f3n que se caracteriza, seg\u00fan INEGI, CONEVAL y otras fuentes oficiales, por tener a casi al 50 % de los mexicanos en condiciones de pobreza; y a m\u00e1s del 16% en pobreza extrema.<br \/>\nEl tsunami de pobreza que afecta a M\u00e9xico y otros pa\u00edses, se ha se\u00f1alado por muchos especialistas y publicaciones.<br \/>\n\u00abEn M\u00e9xico hay 1.2 millones de personas que se encuentran en el estrato socioecon\u00f3mico de la clase alta, poseen la gran mayor\u00eda de los bienes, riquezas, propiedades, un total acceso a los servicios b\u00e1sicos, movilidad y un sin fin de privilegios en este pa\u00eds, pero, la contracara es dif\u00edcil de asimilar. A partir de 2020, habr\u00e1n ahora, 62.25 millones de mexicanos en pobreza, es decir, 10 millones de personas m\u00e1s en situaci\u00f3n precaria. Claramente, aqu\u00ed, los de adelante corren mucho y los de atr\u00e1s, pues se quedan atr\u00e1s\u2026\u00bb (TERCERAVIA. 140620)<br \/>\nEn reciente informe CONEVAL, sostiene que el ingreso laboral real mostr\u00f3 una disminuci\u00f3n de 6.7% anual, entre el 3er trimestre de 2019 y el 3er de 2020. Esto significa, que aument\u00f3 la pobreza laboral (porcentaje de la poblaci\u00f3n con un ingreso laboral inferior al valor de la canasta alimentaria) de 38.5% a 44.5% en este periodo.<br \/>\n<em><strong>SE EMPOBRECE VERACRUZ<\/strong><\/em><br \/>\n\u00ab\u2026Un total de 12 entidades federativas mantuvieron niveles de pobreza laboral por encima del 45% en julio, agosto y septiembre (Chiapas, Ciudad de M\u00e9xico, Guerrero, Hidalgo, Morelos, Oaxaca, Puebla, Quintana Roo, San Luis Potos\u00ed, Tabasco, Tlaxcala y Veracruz)\u00bb<br \/>\n<a href=\"https:\/\/www.coneval.org.mx\/Medicion\/Paginas\/ITLPS_resultados_a_nivel_nacional.aspx\"><em><strong>https:\/\/www.coneval.org.mx\/Medicion\/Paginas\/ITLPS_resultados_a_nivel_nacional.aspx<\/strong> <\/em><\/a><br \/>\nAdem\u00e1s, otras organizaciones e instituciones, sostienen que los efectos pand\u00e9micos han impactado la capacidad de compra de muchas familias.<br \/>\nAs\u00ed, un estudio realizado y publicado por el instituto Nacional de Salud P\u00fablica (INSP) se\u00f1ala, que ante los impactos padecidos, han ca\u00eddo los ingresos:<br \/>\n\u00ab\u2026cerca de 73 por ciento de los encuestados vio disminuir su ingreso desde el inicio de la Jornada de Sana Distancia y el inicio de la nueva normalidad, es decir, de marzo a julio pasado&#8230;El 37.9 por ciento se\u00f1al\u00f3 que alg\u00fan miembro de la familia perdi\u00f3 el empleo, mientras que los hechos de violencia entre habitantes de un hogar se elev\u00f3 de 6 a 8 por ciento. En cuanto a la prevalencia de inseguridad alimentaria moderada y severa, \u00e9sta se ubic\u00f3 en 13.2 por ciento, en el primer seguimiento\u00bb. (La Jornada.291120)<br \/>\nEl estudio en cuesti\u00f3n, de octubre de 2020, y vinculado al centro de investigaci\u00f3n en evaluaci\u00f3n de encuestas, del citado Instituto Nacional de Salud, se basa en los resultados de los levantamientos de la reciente encuesta nacional realizada, acerca de la poblaci\u00f3n afectada por la pandemia de covid-19.<br \/>\nDocumento por dem\u00e1s interesante y oportuno, para entender y pensar lo que est\u00e1 sucediendo desde estos importantes puntos de vista. El Seguimiento de la ENSARS-CoV-2 , est\u00e1 localizable en:<br \/>\n<a href=\"https:\/\/www.insp.mx\/avisos\/seguimiento-de-la-ensars-cov-2\"><em><strong>https:\/\/www.insp.mx\/avisos\/seguimiento-de-la-ensars-cov-2<\/strong><\/em><\/a><br \/>\nEn general, oportuno y conveniente considerar, cuestiones de seguridad y movilidad, de credibilidad y confianza p\u00fablicas; de empleos, salarios y prestaciones; de capacidad alimentaria y vivienda; de educaci\u00f3n y capacitaci\u00f3n laboral; as\u00ed como riesgos de mala alimentaci\u00f3n y consumo; la disponibilidad y suficiencia de agua potable; y muchos otros aspectos m\u00e1s.<br \/>\nHay que conocer los estratos de la poblaci\u00f3n, sus caracter\u00edsticas y condiciones, en particular las relacionadas con sus afectadas y asediadas condiciones de salud.<br \/>\nEstas condiciones est\u00e1n determinadas tanto por esfuerzo y logros individuales y de grupo, como por atenci\u00f3n de necesidades sociales y existencia de servicios b\u00e1sicos, suficientes, accesibles y oportunos. Esto es, se deben tener gobiernos responsables y eficientes<br \/>\nEn fin. Reconocer el error, dig\u00e1moslo sencilla y claramente, es raro o poco frecuente, entre los que dicen gobernar. En su inmensa mayor\u00eda mientras est\u00e1n en el poder simple y sencillamente no solo no admiten errores, sino tampoco aceptan defectos, insuficiencias y limitaciones en lo que deciden y hacen.<br \/>\nEn pocas palabras no oyen, no ven no admiten la realidad, que m\u00e1s temprano que tarde se hace presente y los coloca en la falibilidad, mediocridad e incapacidad de su existencia.<br \/>\nMientras tanto, olvidan que nadie es perfecto, creen que solo ellos lo son.<br \/>\n-Academico.IIESESUV @RafaelAriasH,Facebook:VeracruzHoydeRafaelAriasH<\/p>\n","protected":false},"excerpt":{"rendered":"<p>Rafael Arias Hern\u00e1ndez Mutatis mutandis Aumentan los pobres, a casi dos de cada tres; y los hambrientos, llegan a diez y seis de cada cien. Negarlo, esconderlo, minimizarlo es irresponsable y hasta criminal. \u00bfPrimero los pobres? Algunas instituciones internacionales, como CEPAL, sostienen que \u00abel porcentaje de mexicanos en situaci\u00f3n de pobreza y pobreza extrema pasar\u00e1 [&hellip;]<\/p>\n","protected":false},"author":2,"featured_media":0,"comment_status":"open","ping_status":"open","sticky":false,"template":"","format":"standard","meta":{"_jetpack_newsletter_access":"","_jetpack_dont_email_post_to_subs":false,"_jetpack_newsletter_tier_id":0,"_jetpack_memberships_contains_paywalled_content":false,"_jetpack_memberships_contains_paid_content":false,"footnotes":""},"categories":[70],"tags":[17426,618,18758,1824,178,1026,97,19060,15707],"class_list":["post-64754","post","type-post","status-publish","format-standard","hentry","category-de-opinion","tag-4t","tag-andres-manuel-lopez-obrador","tag-cepal","tag-coneval","tag-inegi","tag-morena","tag-pobreza","tag-primero-los-pobres","tag-recesion-economica"],"jetpack_featured_media_url":"","jetpack_sharing_enabled":true,"jetpack_shortlink":"https:\/\/wp.me\/p4Qcd3-gQq","_links":{"self":[{"href":"https:\/\/lospoliticosveracruz.com.mx\/index.php?rest_route=\/wp\/v2\/posts\/64754","targetHints":{"allow":["GET"]}}],"collection":[{"href":"https:\/\/lospoliticosveracruz.com.mx\/index.php?rest_route=\/wp\/v2\/posts"}],"about":[{"href":"https:\/\/lospoliticosveracruz.com.mx\/index.php?rest_route=\/wp\/v2\/types\/post"}],"author":[{"embeddable":true,"href":"https:\/\/lospoliticosveracruz.com.mx\/index.php?rest_route=\/wp\/v2\/users\/2"}],"replies":[{"embeddable":true,"href":"https:\/\/lospoliticosveracruz.com.mx\/index.php?rest_route=%2Fwp%2Fv2%2Fcomments&post=64754"}],"version-history":[{"count":1,"href":"https:\/\/lospoliticosveracruz.com.mx\/index.php?rest_route=\/wp\/v2\/posts\/64754\/revisions"}],"predecessor-version":[{"id":64755,"href":"https:\/\/lospoliticosveracruz.com.mx\/index.php?rest_route=\/wp\/v2\/posts\/64754\/revisions\/64755"}],"wp:attachment":[{"href":"https:\/\/lospoliticosveracruz.com.mx\/index.php?rest_route=%2Fwp%2Fv2%2Fmedia&parent=64754"}],"wp:term":[{"taxonomy":"category","embeddable":true,"href":"https:\/\/lospoliticosveracruz.com.mx\/index.php?rest_route=%2Fwp%2Fv2%2Fcategories&post=64754"},{"taxonomy":"post_tag","embeddable":true,"href":"https:\/\/lospoliticosveracruz.com.mx\/index.php?rest_route=%2Fwp%2Fv2%2Ftags&post=64754"}],"curies":[{"name":"wp","href":"https:\/\/api.w.org\/{rel}","templated":true}]}}