{"id":64756,"date":"2020-12-01T12:24:52","date_gmt":"2020-12-01T18:24:52","guid":{"rendered":"http:\/\/www.lospoliticosveracruz.com.mx\/?p=64756"},"modified":"2020-12-01T12:24:52","modified_gmt":"2020-12-01T18:24:52","slug":"coronavirus-mortal-para-profes","status":"publish","type":"post","link":"https:\/\/lospoliticosveracruz.com.mx\/?p=64756","title":{"rendered":"Coronavirus, mortal para profes"},"content":{"rendered":"<p>El Secretario de Educaci\u00f3n de Veracruz (SEV), Roberto Zenyazen Escobar Garc\u00eda, inform\u00f3 que 29 maestros han fallecido a causa del coronavirus.<br \/>\n\u00abQuiero mencionar que la \u00fanica forma de saber la causa del fallecimiento es a trav\u00e9s del pago del seguro de vida.\u00bb<br \/>\nAl comparecer ante el congreso local como parte de la glosa del segundo informe de gobierno, Escobar Garc\u00eda, dijo que el dato de 29 maestros fallecidos corresponde a 13 como personal activo, 11 jubilados del sistema estatal y 5 activos \u00abdel sistema estatal, se trata de informaci\u00f3n de compa\u00f1\u00edas aseguradoras\u00bb.<br \/>\nSe han realizado el pago de las compa\u00f1\u00edas aseguradoras \u00aby se han realizado el pago de seguros funerarios atribuibles al coronavirus\u00bb.<br \/>\nAdem\u00e1s , el titular de la SEV asegur\u00f3 que el pago de aguinaldos est\u00e1 totalmente garantizado para los maestros veracruzanos.<\/p>\n","protected":false},"excerpt":{"rendered":"<p>El Secretario de Educaci\u00f3n de Veracruz (SEV), Roberto Zenyazen Escobar Garc\u00eda, inform\u00f3 que 29 maestros han fallecido a causa del coronavirus. \u00abQuiero mencionar que la \u00fanica forma de saber la causa del fallecimiento es a trav\u00e9s del pago del seguro de vida.\u00bb Al comparecer ante el congreso local como parte de la glosa del segundo [&hellip;]<\/p>\n","protected":false},"author":2,"featured_media":0,"comment_status":"open","ping_status":"open","sticky":false,"template":"","format":"standard","meta":{"_jetpack_newsletter_access":"","_jetpack_dont_email_post_to_subs":false,"_jetpack_newsletter_tier_id":0,"_jetpack_memberships_contains_paywalled_content":false,"_jetpack_memberships_contains_paid_content":false,"footnotes":""},"categories":[6446],"tags":[953,3529,5898,24058,20195,23706,88],"class_list":["post-64756","post","type-post","status-publish","format-standard","hentry","category-la-nota","tag-comparecencia","tag-jubilados","tag-magisterio","tag-profesores","tag-roberto-zenyazen-escobar-garcia","tag-segundo-informe-de-gobierno","tag-sev"],"jetpack_featured_media_url":"","jetpack_sharing_enabled":true,"jetpack_shortlink":"https:\/\/wp.me\/p4Qcd3-gQs","_links":{"self":[{"href":"https:\/\/lospoliticosveracruz.com.mx\/index.php?rest_route=\/wp\/v2\/posts\/64756","targetHints":{"allow":["GET"]}}],"collection":[{"href":"https:\/\/lospoliticosveracruz.com.mx\/index.php?rest_route=\/wp\/v2\/posts"}],"about":[{"href":"https:\/\/lospoliticosveracruz.com.mx\/index.php?rest_route=\/wp\/v2\/types\/post"}],"author":[{"embeddable":true,"href":"https:\/\/lospoliticosveracruz.com.mx\/index.php?rest_route=\/wp\/v2\/users\/2"}],"replies":[{"embeddable":true,"href":"https:\/\/lospoliticosveracruz.com.mx\/index.php?rest_route=%2Fwp%2Fv2%2Fcomments&post=64756"}],"version-history":[{"count":1,"href":"https:\/\/lospoliticosveracruz.com.mx\/index.php?rest_route=\/wp\/v2\/posts\/64756\/revisions"}],"predecessor-version":[{"id":64758,"href":"https:\/\/lospoliticosveracruz.com.mx\/index.php?rest_route=\/wp\/v2\/posts\/64756\/revisions\/64758"}],"wp:attachment":[{"href":"https:\/\/lospoliticosveracruz.com.mx\/index.php?rest_route=%2Fwp%2Fv2%2Fmedia&parent=64756"}],"wp:term":[{"taxonomy":"category","embeddable":true,"href":"https:\/\/lospoliticosveracruz.com.mx\/index.php?rest_route=%2Fwp%2Fv2%2Fcategories&post=64756"},{"taxonomy":"post_tag","embeddable":true,"href":"https:\/\/lospoliticosveracruz.com.mx\/index.php?rest_route=%2Fwp%2Fv2%2Ftags&post=64756"}],"curies":[{"name":"wp","href":"https:\/\/api.w.org\/{rel}","templated":true}]}}