{"id":64798,"date":"2020-12-01T18:57:34","date_gmt":"2020-12-02T00:57:34","guid":{"rendered":"http:\/\/www.lospoliticosveracruz.com.mx\/?p=64798"},"modified":"2020-12-01T18:57:34","modified_gmt":"2020-12-02T00:57:34","slug":"pjv-quiere-10-en-justicia-laboral","status":"publish","type":"post","link":"https:\/\/lospoliticosveracruz.com.mx\/?p=64798","title":{"rendered":"PJV quiere 10 en Justicia Laboral!"},"content":{"rendered":"<p>El Poder Judicial del Estado de Veracruz realiza acciones para capacitar en t\u00e9rminos de excelencia a trabajadores en materia del nuevo Sistema de Justicia Laboral.<\/p>\n<p>La Magistrada Presidenta del Tribunal Superior de Justicia y del Consejo de la Judicatura del Poder Judicial del Estado de Veracruz, Isabel In\u00e9s Romero Cruz resalt\u00f3 la importancia de mantener en constante capacitaci\u00f3n al personal de la instituci\u00f3n para subsanar las deficiencias que el sistema ha presentado, mismas que est\u00e1n siendo observadas y atendidas.<br \/>\nPor ello, se reuni\u00f3 con los integrantes del Instituto de Investigaciones Jur\u00eddicas de la Universidad Veracruzana (UV), encabezados por la directora Petra Armenta Ram\u00edrez, con quienes se realizar\u00e1 un trabajo de coordinaci\u00f3n para concretar las capacitaciones de excelencia.<br \/>\nEn este cambio transversal que el Poder Judicial del Estado de Veracruz est\u00e1 realizando, el director de la Escuela Judicial, el magistrado Esteban Mart\u00ednez V\u00e1zquez, encumbr\u00f3 la importancia de aplicar diplomados, cursos y talleres a trav\u00e9s de los medios de divulgaci\u00f3n propios de la instituci\u00f3n, donde se abre una ventana de posibilidades importantes en coordinaci\u00f3n con el Instituto de Administraciones Jur\u00eddicas.<br \/>\n\u00abExisten situaciones de fondo importantes en el tema de la justicia, como la eterna capacitaci\u00f3n que debe ir transversalizada con enfoques como es el g\u00e9nero y los derechos humanos. Hay que capacitar, pero no capacitar por capacitar sino con los mejores maestros y en t\u00e9rminos de excelencia\u00bb.<br \/>\nEn el cambio que el Poder Judicial realiza ya se hace un diagn\u00f3stico sobre las necesidades de los trabajadores, estudiantes y del personal en torno al nuevo Sistema de Justicia Laboral.<br \/>\nAl respecto, la Magistrada Presidenta Isabel In\u00e9s Romero Cruz, destac\u00f3 que van a capacitar a los Jueces Municipales, as\u00ed como a todo el personal del Poder Judicial.<br \/>\n\u00abNo podemos hacer a un lado a los Jueces Municipales, ellos tambi\u00e9n van a tener su parte dentro de este nuevo Sistema de Justicia Laboral\u00bb.<\/p>\n","protected":false},"excerpt":{"rendered":"<p>El Poder Judicial del Estado de Veracruz realiza acciones para capacitar en t\u00e9rminos de excelencia a trabajadores en materia del nuevo Sistema de Justicia Laboral. La Magistrada Presidenta del Tribunal Superior de Justicia y del Consejo de la Judicatura del Poder Judicial del Estado de Veracruz, Isabel In\u00e9s Romero Cruz resalt\u00f3 la importancia de mantener [&hellip;]<\/p>\n","protected":false},"author":2,"featured_media":64799,"comment_status":"open","ping_status":"open","sticky":false,"template":"","format":"standard","meta":{"_jetpack_newsletter_access":"","_jetpack_dont_email_post_to_subs":false,"_jetpack_newsletter_tier_id":0,"_jetpack_memberships_contains_paywalled_content":false,"_jetpack_memberships_contains_paid_content":false,"footnotes":""},"categories":[73],"tags":[24077,23581,24075,15620,24076,19497,23578,219],"class_list":["post-64798","post","type-post","status-publish","format-standard","has-post-thumbnail","hentry","category-de-boleto","tag-escuela-judicial","tag-esteban-martinez-vazquez","tag-investigaciones-juridicas","tag-isabel-ines-romero-cruz","tag-petra-armenta-ramirez","tag-poder-judicial-del-estado-de-veracruz","tag-sistema-de-justicia-laboral","tag-universidad-veracruzana"],"jetpack_featured_media_url":"https:\/\/lospoliticosveracruz.com.mx\/wp-content\/uploads\/2020\/12\/TSJ.jpeg","jetpack_sharing_enabled":true,"jetpack_shortlink":"https:\/\/wp.me\/p4Qcd3-gR8","_links":{"self":[{"href":"https:\/\/lospoliticosveracruz.com.mx\/index.php?rest_route=\/wp\/v2\/posts\/64798","targetHints":{"allow":["GET"]}}],"collection":[{"href":"https:\/\/lospoliticosveracruz.com.mx\/index.php?rest_route=\/wp\/v2\/posts"}],"about":[{"href":"https:\/\/lospoliticosveracruz.com.mx\/index.php?rest_route=\/wp\/v2\/types\/post"}],"author":[{"embeddable":true,"href":"https:\/\/lospoliticosveracruz.com.mx\/index.php?rest_route=\/wp\/v2\/users\/2"}],"replies":[{"embeddable":true,"href":"https:\/\/lospoliticosveracruz.com.mx\/index.php?rest_route=%2Fwp%2Fv2%2Fcomments&post=64798"}],"version-history":[{"count":1,"href":"https:\/\/lospoliticosveracruz.com.mx\/index.php?rest_route=\/wp\/v2\/posts\/64798\/revisions"}],"predecessor-version":[{"id":64800,"href":"https:\/\/lospoliticosveracruz.com.mx\/index.php?rest_route=\/wp\/v2\/posts\/64798\/revisions\/64800"}],"wp:featuredmedia":[{"embeddable":true,"href":"https:\/\/lospoliticosveracruz.com.mx\/index.php?rest_route=\/wp\/v2\/media\/64799"}],"wp:attachment":[{"href":"https:\/\/lospoliticosveracruz.com.mx\/index.php?rest_route=%2Fwp%2Fv2%2Fmedia&parent=64798"}],"wp:term":[{"taxonomy":"category","embeddable":true,"href":"https:\/\/lospoliticosveracruz.com.mx\/index.php?rest_route=%2Fwp%2Fv2%2Fcategories&post=64798"},{"taxonomy":"post_tag","embeddable":true,"href":"https:\/\/lospoliticosveracruz.com.mx\/index.php?rest_route=%2Fwp%2Fv2%2Ftags&post=64798"}],"curies":[{"name":"wp","href":"https:\/\/api.w.org\/{rel}","templated":true}]}}