{"id":64894,"date":"2020-12-03T18:10:26","date_gmt":"2020-12-04T00:10:26","guid":{"rendered":"http:\/\/www.lospoliticosveracruz.com.mx\/?p=64894"},"modified":"2020-12-03T18:10:26","modified_gmt":"2020-12-04T00:10:26","slug":"cubrebocas-gratis-pa-toda-la-raza","status":"publish","type":"post","link":"https:\/\/lospoliticosveracruz.com.mx\/?p=64894","title":{"rendered":"Cubrebocas gratis pa toda la raza!"},"content":{"rendered":"<p>&nbsp;<\/p>\n<p>Ante el pleno del Congreso del Estado, el Diputado Local Juan Manuel de Un\u00e1nue Abascal present\u00f3 una propuesta para solicitar al Poder Ejecutivo del Estado, as\u00ed como a los 212 Presidentes Municipales, la entrega masiva y gratuita de cubrebocas a la poblaci\u00f3n veracruzana.<br \/>\nEsto a decir del legislador del Distrito XVI, es con la finalidad de reducir en mayor medida los contagios de COVID-19, y que a ra\u00edz de la emergencia sanitaria que a\u00fan se vive no solo en M\u00e9xico sino en todo el mundo urge de pol\u00edticas p\u00fablicas que sirvan como respaldo para pronto salir de esta pandemia.<br \/>\n\u201cEs indispensable el compromiso de las autoridades municipales y del ejecutivo del estado para que todas y todos sin excepci\u00f3n tengan acceso al cubrebocas de forma gratuita sin que ello merme la de por s\u00ed ya deteriorada econom\u00eda familiar, no debe ser un lujo o un privilegio usar el cubrebocas, es un gasto bien invertido porque contribuir\u00e1 a reducir la propagaci\u00f3n del virus y en consecuencia los gastos m\u00e9dicos y hospitalarios que el sector salud emplea para la atenci\u00f3n de los enfermos\u201d, destac\u00f3.<br \/>\nRecord\u00f3 que tanto la emergencia sanitaria y crisis econ\u00f3mica se ha provocado la p\u00e9rdida de empleos, la disminuci\u00f3n de ingresos, dolor por la p\u00e9rdida de seres queridos, entre los que se cuentan, familiares, amigos, vecinos, compa\u00f1eros de trabajo o conocidos y hoy ha obligado a las familias a adquirir productos de protecci\u00f3n como el gel antibacterial, jab\u00f3n de manos, caretas y cubrebocas; y en la medida en la que la movilidad se incrementa, los gastos en estos insumos aumentan para las familias.<br \/>\nPor este mismo sentido De Un\u00e1nue Abascal, apunt\u00f3 que es necesario que el Estado siga impulsando la autoprotecci\u00f3n sanitaria, de lo contrario, la curva nunca se aplanar\u00e1, ni mucho menos se podr\u00e1 de salir de esta oscura etapa de la realidad nacional y mundial.<br \/>\n\u201cSi bien es cierto que lograr el uso generalizado del cubrebocas requiere concientizar a los ciudadanos, tambi\u00e9n es necesario que las autoridades adem\u00e1s de poner el ejemplo, establezcan los mecanismos para aminorar el gasto que hoy se genera en los hogares para adquirir los cubrebocas, que se ha convertido ya en un gasto b\u00e1sico familiar\u201d, apunt\u00f3.<br \/>\nFinalmente, record\u00f3 que muchos pa\u00edses y estados adoptaron medidas como fomentar el uso de cubrebocas como una medida preventiva, la cual ha demostrado se efectividad para evitar contagios a nivel mundial; es una medida indispensable en este momento y que se debe poner al alcance de todos. Es por ello que buscar\u00e1 que dicha medida sea tomada en cuenta tanto por autoridades estales de Veracruz.<\/p>\n","protected":false},"excerpt":{"rendered":"<p>&nbsp; Ante el pleno del Congreso del Estado, el Diputado Local Juan Manuel de Un\u00e1nue Abascal present\u00f3 una propuesta para solicitar al Poder Ejecutivo del Estado, as\u00ed como a los 212 Presidentes Municipales, la entrega masiva y gratuita de cubrebocas a la poblaci\u00f3n veracruzana. Esto a decir del legislador del Distrito XVI, es con la [&hellip;]<\/p>\n","protected":false},"author":2,"featured_media":64895,"comment_status":"open","ping_status":"open","sticky":false,"template":"","format":"standard","meta":{"_jetpack_newsletter_access":"","_jetpack_dont_email_post_to_subs":false,"_jetpack_newsletter_tier_id":0,"_jetpack_memberships_contains_paywalled_content":false,"_jetpack_memberships_contains_paid_content":false,"footnotes":""},"categories":[73],"tags":[16673,24142,18210,6747,12535,24141],"class_list":["post-64894","post","type-post","status-publish","format-standard","has-post-thumbnail","hentry","category-de-boleto","tag-covid-19","tag-cubrebocas-gratis","tag-diputado-local","tag-economia-familiar","tag-juan-manuel-unanue-abascal","tag-poder-ejecutivo-del-estado"],"jetpack_featured_media_url":"https:\/\/lospoliticosveracruz.com.mx\/wp-content\/uploads\/2020\/12\/Unanue.jpeg","jetpack_sharing_enabled":true,"jetpack_shortlink":"https:\/\/wp.me\/p4Qcd3-gSG","_links":{"self":[{"href":"https:\/\/lospoliticosveracruz.com.mx\/index.php?rest_route=\/wp\/v2\/posts\/64894","targetHints":{"allow":["GET"]}}],"collection":[{"href":"https:\/\/lospoliticosveracruz.com.mx\/index.php?rest_route=\/wp\/v2\/posts"}],"about":[{"href":"https:\/\/lospoliticosveracruz.com.mx\/index.php?rest_route=\/wp\/v2\/types\/post"}],"author":[{"embeddable":true,"href":"https:\/\/lospoliticosveracruz.com.mx\/index.php?rest_route=\/wp\/v2\/users\/2"}],"replies":[{"embeddable":true,"href":"https:\/\/lospoliticosveracruz.com.mx\/index.php?rest_route=%2Fwp%2Fv2%2Fcomments&post=64894"}],"version-history":[{"count":1,"href":"https:\/\/lospoliticosveracruz.com.mx\/index.php?rest_route=\/wp\/v2\/posts\/64894\/revisions"}],"predecessor-version":[{"id":64897,"href":"https:\/\/lospoliticosveracruz.com.mx\/index.php?rest_route=\/wp\/v2\/posts\/64894\/revisions\/64897"}],"wp:featuredmedia":[{"embeddable":true,"href":"https:\/\/lospoliticosveracruz.com.mx\/index.php?rest_route=\/wp\/v2\/media\/64895"}],"wp:attachment":[{"href":"https:\/\/lospoliticosveracruz.com.mx\/index.php?rest_route=%2Fwp%2Fv2%2Fmedia&parent=64894"}],"wp:term":[{"taxonomy":"category","embeddable":true,"href":"https:\/\/lospoliticosveracruz.com.mx\/index.php?rest_route=%2Fwp%2Fv2%2Fcategories&post=64894"},{"taxonomy":"post_tag","embeddable":true,"href":"https:\/\/lospoliticosveracruz.com.mx\/index.php?rest_route=%2Fwp%2Fv2%2Ftags&post=64894"}],"curies":[{"name":"wp","href":"https:\/\/api.w.org\/{rel}","templated":true}]}}