{"id":65018,"date":"2020-12-07T13:46:11","date_gmt":"2020-12-07T19:46:11","guid":{"rendered":"http:\/\/www.lospoliticosveracruz.com.mx\/?p=65018"},"modified":"2020-12-07T13:46:11","modified_gmt":"2020-12-07T19:46:11","slug":"regreso-a-clases-si-aguanta-un-mes-el-semaforo-en-verde","status":"publish","type":"post","link":"https:\/\/lospoliticosveracruz.com.mx\/?p=65018","title":{"rendered":"Regreso a clases, si aguanta un mes el sem\u00e1foro en verde"},"content":{"rendered":"<p>El gobernador Cuitl\u00e1huac Garc\u00eda Jim\u00e9nez, anunci\u00f3 que el retorno a las clases presenciales se dar\u00e1 una vez que el sem\u00e1foro verde haya permanecido por cuatro semanas continuas.<br \/>\n\u00abNo habr\u00e1 retorno a c presenciales hasta que la Secretaria de Educaci\u00f3n P\u00fablica lo indique y el sem\u00e1foro verde haya permanecido por lo menos cuatro semanas continuas\u00bb.<br \/>\nEn conferencia de prensa en palacio de gobierno, el mandatario estatal explic\u00f3 que esta indicaci\u00f3n que durar\u00e1 del 7 al 20 de diciembre \u00abentramos al amarillo de nada sirvi\u00f3 y se inicia otra vez todo , por eso insistimos en la campa\u00f1a porque se busca mantener el sem\u00e1foro verde, de riesgo medio, y es la estrategia federal la que asumimos \u00ab.<\/p>\n","protected":false},"excerpt":{"rendered":"<p>El gobernador Cuitl\u00e1huac Garc\u00eda Jim\u00e9nez, anunci\u00f3 que el retorno a las clases presenciales se dar\u00e1 una vez que el sem\u00e1foro verde haya permanecido por cuatro semanas continuas. \u00abNo habr\u00e1 retorno a c presenciales hasta que la Secretaria de Educaci\u00f3n P\u00fablica lo indique y el sem\u00e1foro verde haya permanecido por lo menos cuatro semanas continuas\u00bb. En [&hellip;]<\/p>\n","protected":false},"author":2,"featured_media":65019,"comment_status":"open","ping_status":"open","sticky":false,"template":"","format":"standard","meta":{"_jetpack_newsletter_access":"","_jetpack_dont_email_post_to_subs":false,"_jetpack_newsletter_tier_id":0,"_jetpack_memberships_contains_paywalled_content":false,"_jetpack_memberships_contains_paid_content":false,"footnotes":""},"categories":[6446],"tags":[24197,13561,5899,18271],"class_list":["post-65018","post","type-post","status-publish","format-standard","has-post-thumbnail","hentry","category-la-nota","tag-clases-presenciales","tag-cuitlahauc-garcia-jimenez","tag-regreso-a-clases","tag-semaforo-verde"],"jetpack_featured_media_url":"https:\/\/lospoliticosveracruz.com.mx\/wp-content\/uploads\/2020\/12\/166BE90A-6B2A-4B5D-89AB-2FA6F2CE52A1.jpeg","jetpack_sharing_enabled":true,"jetpack_shortlink":"https:\/\/wp.me\/p4Qcd3-gUG","_links":{"self":[{"href":"https:\/\/lospoliticosveracruz.com.mx\/index.php?rest_route=\/wp\/v2\/posts\/65018","targetHints":{"allow":["GET"]}}],"collection":[{"href":"https:\/\/lospoliticosveracruz.com.mx\/index.php?rest_route=\/wp\/v2\/posts"}],"about":[{"href":"https:\/\/lospoliticosveracruz.com.mx\/index.php?rest_route=\/wp\/v2\/types\/post"}],"author":[{"embeddable":true,"href":"https:\/\/lospoliticosveracruz.com.mx\/index.php?rest_route=\/wp\/v2\/users\/2"}],"replies":[{"embeddable":true,"href":"https:\/\/lospoliticosveracruz.com.mx\/index.php?rest_route=%2Fwp%2Fv2%2Fcomments&post=65018"}],"version-history":[{"count":1,"href":"https:\/\/lospoliticosveracruz.com.mx\/index.php?rest_route=\/wp\/v2\/posts\/65018\/revisions"}],"predecessor-version":[{"id":65020,"href":"https:\/\/lospoliticosveracruz.com.mx\/index.php?rest_route=\/wp\/v2\/posts\/65018\/revisions\/65020"}],"wp:featuredmedia":[{"embeddable":true,"href":"https:\/\/lospoliticosveracruz.com.mx\/index.php?rest_route=\/wp\/v2\/media\/65019"}],"wp:attachment":[{"href":"https:\/\/lospoliticosveracruz.com.mx\/index.php?rest_route=%2Fwp%2Fv2%2Fmedia&parent=65018"}],"wp:term":[{"taxonomy":"category","embeddable":true,"href":"https:\/\/lospoliticosveracruz.com.mx\/index.php?rest_route=%2Fwp%2Fv2%2Fcategories&post=65018"},{"taxonomy":"post_tag","embeddable":true,"href":"https:\/\/lospoliticosveracruz.com.mx\/index.php?rest_route=%2Fwp%2Fv2%2Ftags&post=65018"}],"curies":[{"name":"wp","href":"https:\/\/api.w.org\/{rel}","templated":true}]}}