{"id":65024,"date":"2020-12-07T15:08:11","date_gmt":"2020-12-07T21:08:11","guid":{"rendered":"http:\/\/www.lospoliticosveracruz.com.mx\/?p=65024"},"modified":"2020-12-07T15:08:59","modified_gmt":"2020-12-07T21:08:59","slug":"65024","status":"publish","type":"post","link":"https:\/\/lospoliticosveracruz.com.mx\/?p=65024","title":{"rendered":"Alianza, desesperaci\u00f3n por el poder"},"content":{"rendered":"<p>&nbsp;<\/p>\n<p>Raymundo Andrade, diputado local por el Distrito XII, afirm\u00f3 que la alianza entre los partidos Revolucionario Institucional (PRI), Acci\u00f3n Nacional (PAN), y de la Revoluci\u00f3n Democr\u00e1tica (PRD), para participar en el proceso electoral del 2021, no va m\u00e1s all\u00e1 de ser una desesperada estrategia para tener el poder, lo que implica sumir nuevamente al pa\u00eds en la corrupci\u00f3n, el tr\u00e1fico de influencias, la violencia y el enriquecimiento il\u00edcito de los pol\u00edticos y sus c\u00f3mplices, con el dinero del pueblo.<br \/>\nEsta alianza, dijo el legislador por Coatepec, nace de la negaci\u00f3n de los l\u00edderes de estos organismo pol\u00edtico a sus estatutos partidarios, a sus principios e ideolog\u00edas, es un total absurdo; qu\u00e9 pueden esperar los electores de estos candidatos una vez instalados en sus cargos, nada m\u00e1s que una aberrante traici\u00f3n y record\u00f3 el dicho popular que dice que \u201cquien traiciona una vez traiciona siempre\u201d; ya fueron poder y estamos viendo lo que hicieron de esta naci\u00f3n, afirm\u00f3.<br \/>\nPor un lado, dijo, el PRI se asume como de centro, y neoliberal; en tanto que el PAN se define como un partido de derecha, conservador; por su parte, el PRD dice ser de izquierda, defiende la participaci\u00f3n del Estado en los sectores que considera estrat\u00e9gicos, principalmente recursos energ\u00e9ticos y comunicaciones, en tanto el PRI y el PAN est\u00e1n por su privatizaci\u00f3n o porque la empresas extranjeras tenga una mayor participaci\u00f3n.<br \/>\nMario Delgado, dijo el diputado Raymundo Andrade, el dirigente en el pa\u00eds del Movimiento de Regeneraci\u00f3n Nacional (Morena), ya lo dijo, que esta coalici\u00f3n y cit\u00f3: \u201cnace con el \u00fanico objetivo de defender sus propios y mezquinos intereses, en lugar de las necesidades de las y los mexicanos\u201d. De qu\u00e9 otra manera lo podemos entender, si sus principales ide\u00f3logos y sus documentos fundacionales son diferentes.<br \/>\nCon esta alianza, y lo ha dicho el propio Marko Cort\u00e9s, dirigente nacional del PAN, continuo el legislador de Morena, lo que buscan es \u201cconformar una mayor\u00eda opositora en la C\u00e1mara de Diputados\u201d, y con ello frenar a la Cuarta Transformaci\u00f3n, gracias a la cual se han reduciendo los \u00edndices de corrupci\u00f3n, de impunidad, les ha quitado todos sus privilegios, los ha exhibido y sacado a la luz sus provechosos negocios realizados desde el poder y que s\u00f3lo ha enriquecido a unos cuantos privilegiados, en tanto el pueblo padece falta de medicamentos, violencia y vive en la miseria.<\/p>\n<p>Agreg\u00f3 que la propuesta panista es de lo m\u00e1s simple, que dejar ver s\u00f3lo sus intereses de grupo, la que dice que \u201cdonde tenga fuerza el PAN, este partido sea quien encabece la coalici\u00f3n; en donde el PRI tenga una representaci\u00f3n importante ellos abanderaran la alianza y lo mismo ocurrir\u00e1 con el PRD\u201d, que en palabras del pueblo, es repartirse el pastel, el bot\u00edn: no hay propuestas pol\u00edticas, una agenda de trabajo seria, pensada en los sectores m\u00e1s vulnerables del pa\u00eds.<br \/>\nEl legislador Raymundo Andrade, se\u00f1al\u00f3 que es muy importante atender el llamado de Mario Delgado para que los simpatizantes y militantes de Morena sigan unidos y trabajando en conjunto para postular a los mejores hombres y a las mejores mujeres, que sean los verdaderos representantes del pueblo en la las c\u00e1maras de diputados el pr\u00f3ximo a\u00f1o, para lograr consolidar el proyecto de la Cuarta Transformaci\u00f3n.<br \/>\nPara concluir, destac\u00f3 que nada m\u00e1s hay que ver como la alianza PAN-PRD en Veracruz, en tan s\u00f3lo dos a\u00f1os, vaci\u00f3 las arcas del estado, no hizo obra p\u00fablica, ni acciones en favor de los m\u00e1s necesitados; aumentaron los casos de corrupci\u00f3n y violencia, dejando a la entidad ahogada en deudas, falta de servicios de salud, y a merced de la delincuencia.<\/p>\n","protected":false},"excerpt":{"rendered":"<p>&nbsp; Raymundo Andrade, diputado local por el Distrito XII, afirm\u00f3 que la alianza entre los partidos Revolucionario Institucional (PRI), Acci\u00f3n Nacional (PAN), y de la Revoluci\u00f3n Democr\u00e1tica (PRD), para participar en el proceso electoral del 2021, no va m\u00e1s all\u00e1 de ser una desesperada estrategia para tener el poder, lo que implica sumir nuevamente al [&hellip;]<\/p>\n","protected":false},"author":2,"featured_media":65025,"comment_status":"open","ping_status":"open","sticky":false,"template":"","format":"standard","meta":{"_jetpack_newsletter_access":"","_jetpack_dont_email_post_to_subs":false,"_jetpack_newsletter_tier_id":0,"_jetpack_memberships_contains_paywalled_content":false,"_jetpack_memberships_contains_paid_content":false,"footnotes":""},"categories":[73],"tags":[282,12744,5372,12596,12562,1026,2212,266,107,251,13124,463],"class_list":["post-65024","post","type-post","status-publish","format-standard","has-post-thumbnail","hentry","category-de-boleto","tag-corrupcion","tag-cuarta-transformacion","tag-delincuencia","tag-mario-delgado","tag-marko-cortes","tag-morena","tag-movimiento-de-regeneracion-nacional","tag-pan","tag-prd","tag-pri","tag-raymundo-andrade","tag-violencia"],"jetpack_featured_media_url":"https:\/\/lospoliticosveracruz.com.mx\/wp-content\/uploads\/2020\/12\/Raymundo.jpg","jetpack_sharing_enabled":true,"jetpack_shortlink":"https:\/\/wp.me\/s4Qcd3-65024","_links":{"self":[{"href":"https:\/\/lospoliticosveracruz.com.mx\/index.php?rest_route=\/wp\/v2\/posts\/65024","targetHints":{"allow":["GET"]}}],"collection":[{"href":"https:\/\/lospoliticosveracruz.com.mx\/index.php?rest_route=\/wp\/v2\/posts"}],"about":[{"href":"https:\/\/lospoliticosveracruz.com.mx\/index.php?rest_route=\/wp\/v2\/types\/post"}],"author":[{"embeddable":true,"href":"https:\/\/lospoliticosveracruz.com.mx\/index.php?rest_route=\/wp\/v2\/users\/2"}],"replies":[{"embeddable":true,"href":"https:\/\/lospoliticosveracruz.com.mx\/index.php?rest_route=%2Fwp%2Fv2%2Fcomments&post=65024"}],"version-history":[{"count":2,"href":"https:\/\/lospoliticosveracruz.com.mx\/index.php?rest_route=\/wp\/v2\/posts\/65024\/revisions"}],"predecessor-version":[{"id":65027,"href":"https:\/\/lospoliticosveracruz.com.mx\/index.php?rest_route=\/wp\/v2\/posts\/65024\/revisions\/65027"}],"wp:featuredmedia":[{"embeddable":true,"href":"https:\/\/lospoliticosveracruz.com.mx\/index.php?rest_route=\/wp\/v2\/media\/65025"}],"wp:attachment":[{"href":"https:\/\/lospoliticosveracruz.com.mx\/index.php?rest_route=%2Fwp%2Fv2%2Fmedia&parent=65024"}],"wp:term":[{"taxonomy":"category","embeddable":true,"href":"https:\/\/lospoliticosveracruz.com.mx\/index.php?rest_route=%2Fwp%2Fv2%2Fcategories&post=65024"},{"taxonomy":"post_tag","embeddable":true,"href":"https:\/\/lospoliticosveracruz.com.mx\/index.php?rest_route=%2Fwp%2Fv2%2Ftags&post=65024"}],"curies":[{"name":"wp","href":"https:\/\/api.w.org\/{rel}","templated":true}]}}