{"id":65034,"date":"2020-12-07T17:00:48","date_gmt":"2020-12-07T23:00:48","guid":{"rendered":"http:\/\/www.lospoliticosveracruz.com.mx\/?p=65034"},"modified":"2020-12-07T17:00:48","modified_gmt":"2020-12-07T23:00:48","slug":"superacion-personal-con-fe-anspac-xalapa","status":"publish","type":"post","link":"https:\/\/lospoliticosveracruz.com.mx\/?p=65034","title":{"rendered":"Superaci\u00f3n personal, con fe: ANSPAC-Xalapa"},"content":{"rendered":"<p>&nbsp;<\/p>\n<p><strong>Enrique Yasser Pompeyo<\/strong><br \/>\n<em>Xalapa<\/em><\/p>\n<p>La presidenta de la Asociaci\u00f3n Nacional Pro Superaci\u00f3n Personal A.C. (Anspac), sede Xalapa, Sandra Lindo Simon\u00edn expuso que ante la crisis por la pandemia del Covid-19 hay que reforzar las medidas de prevenci\u00f3n, pero no se debe olvidar a Dios.<br \/>\nPor ello, dijo que \u201csi no nos cuidamos nosotros, no podremos cuidar a los dem\u00e1s, a nuestras familias, a nuestros padres que son personas de la tercera edad\u201d.<br \/>\n\u201cLa vida es un suspiro, en un momento te vas, por un mal tratamiento, por un mal manejo de medicamentos, etc\u00e9tera; es tan dolorosa la p\u00e9rdida de una persona\u201d, expuso.<br \/>\nEn ese sentido, dijo que la asociaci\u00f3n busca llegar a m\u00e1s gente, pues su objetivo es brindar un servicio a las personas a trav\u00e9s de talleres de formaci\u00f3n humana, moral y manualidades, \u201ctocando corazones, cambiando vidas\u201d.<br \/>\nAnte la situaci\u00f3n por la que atraviesan las personas en diferentes aspectos, expuso que la gente necesita palabras de aliento, \u201cla fe tiene que existir, la oraci\u00f3n ha permanecido, el amor a Dios nos ayuda\u201d.<br \/>\nDebido a que la pandemia llev\u00f3 a cambiar las actividades de manera presencial, Anspac ha encontrado otras formas de trabajar, como por ejemplo a trav\u00e9s de las nuevas tecnolog\u00edas como el Zoom, las videollamadas.<br \/>\nLas diferentes actividades que brind\u00f3 la Anspac-Xalapa beneficiaron a aproximadamente 900 personas. Se llevaron a cabo por medio de empresas, centros comunitarios y parroquias como San Jer\u00f3nimo, San Isidro, entre muchas otras.<br \/>\nDurante la reuni\u00f3n anual estuvieron la presidenta Sandra Lindo Simon\u00edn; Vanesa Rodr\u00edguez del Comit\u00e9 de Promoci\u00f3n; Gloria Faustina Baizabal Lobato, del \u00e1rea de Habilidades Manuales; Carolina Loyo Iparraguirre, del \u00e1rea Pedag\u00f3gica, adem\u00e1s de otras reconocidas integrantes.<\/p>\n","protected":false},"excerpt":{"rendered":"<p>&nbsp; Enrique Yasser Pompeyo Xalapa La presidenta de la Asociaci\u00f3n Nacional Pro Superaci\u00f3n Personal A.C. (Anspac), sede Xalapa, Sandra Lindo Simon\u00edn expuso que ante la crisis por la pandemia del Covid-19 hay que reforzar las medidas de prevenci\u00f3n, pero no se debe olvidar a Dios. Por ello, dijo que \u201csi no nos cuidamos nosotros, no [&hellip;]<\/p>\n","protected":false},"author":2,"featured_media":65035,"comment_status":"open","ping_status":"open","sticky":false,"template":"","format":"standard","meta":{"_jetpack_newsletter_access":"","_jetpack_dont_email_post_to_subs":false,"_jetpack_newsletter_tier_id":0,"_jetpack_memberships_contains_paywalled_content":false,"_jetpack_memberships_contains_paid_content":false,"footnotes":""},"categories":[6446],"tags":[871,24210,24211,16929,24208,96],"class_list":["post-65034","post","type-post","status-publish","format-standard","has-post-thumbnail","hentry","category-la-nota","tag-crisis","tag-gloria-faustina-baizabal-lobato","tag-habilidades-manuales","tag-pandemia","tag-sandra-lindo-simonin","tag-xalapa"],"jetpack_featured_media_url":"https:\/\/lospoliticosveracruz.com.mx\/wp-content\/uploads\/2020\/12\/ANSPAC.jpg","jetpack_sharing_enabled":true,"jetpack_shortlink":"https:\/\/wp.me\/p4Qcd3-gUW","_links":{"self":[{"href":"https:\/\/lospoliticosveracruz.com.mx\/index.php?rest_route=\/wp\/v2\/posts\/65034","targetHints":{"allow":["GET"]}}],"collection":[{"href":"https:\/\/lospoliticosveracruz.com.mx\/index.php?rest_route=\/wp\/v2\/posts"}],"about":[{"href":"https:\/\/lospoliticosveracruz.com.mx\/index.php?rest_route=\/wp\/v2\/types\/post"}],"author":[{"embeddable":true,"href":"https:\/\/lospoliticosveracruz.com.mx\/index.php?rest_route=\/wp\/v2\/users\/2"}],"replies":[{"embeddable":true,"href":"https:\/\/lospoliticosveracruz.com.mx\/index.php?rest_route=%2Fwp%2Fv2%2Fcomments&post=65034"}],"version-history":[{"count":1,"href":"https:\/\/lospoliticosveracruz.com.mx\/index.php?rest_route=\/wp\/v2\/posts\/65034\/revisions"}],"predecessor-version":[{"id":65036,"href":"https:\/\/lospoliticosveracruz.com.mx\/index.php?rest_route=\/wp\/v2\/posts\/65034\/revisions\/65036"}],"wp:featuredmedia":[{"embeddable":true,"href":"https:\/\/lospoliticosveracruz.com.mx\/index.php?rest_route=\/wp\/v2\/media\/65035"}],"wp:attachment":[{"href":"https:\/\/lospoliticosveracruz.com.mx\/index.php?rest_route=%2Fwp%2Fv2%2Fmedia&parent=65034"}],"wp:term":[{"taxonomy":"category","embeddable":true,"href":"https:\/\/lospoliticosveracruz.com.mx\/index.php?rest_route=%2Fwp%2Fv2%2Fcategories&post=65034"},{"taxonomy":"post_tag","embeddable":true,"href":"https:\/\/lospoliticosveracruz.com.mx\/index.php?rest_route=%2Fwp%2Fv2%2Ftags&post=65034"}],"curies":[{"name":"wp","href":"https:\/\/api.w.org\/{rel}","templated":true}]}}