{"id":65116,"date":"2020-12-09T11:12:04","date_gmt":"2020-12-09T17:12:04","guid":{"rendered":"http:\/\/www.lospoliticosveracruz.com.mx\/?p=65116"},"modified":"2020-12-09T11:12:04","modified_gmt":"2020-12-09T17:12:04","slug":"por-unas-elecciones-libres-de-violencia-de-genero","status":"publish","type":"post","link":"https:\/\/lospoliticosveracruz.com.mx\/?p=65116","title":{"rendered":"Por unas elecciones libres de violencia de g\u00e9nero"},"content":{"rendered":"<p>Para abordar los mecanismos de funcionamiento del nuevo marco legal relativo a la violencia pol\u00edtica en raz\u00f3n de g\u00e9nero, se llevar\u00e1 a cabo del lunes 14 al jueves 17 de diciembre del presente a\u00f1o el curso virtual \u201cRutas para construir un proceso electoral libre de violencia pol\u00edtica en raz\u00f3n de g\u00e9nero\u201d, convocado por la Consejera Electoral del Organismo P\u00fablico Local Electoral del estado de Veracruz y Presidenta de la Comisi\u00f3n de Igualdad de G\u00e9nero y No Discriminaci\u00f3n de ese organismo, Dra. Tania Celina V\u00e1squez Mu\u00f1oz, junto con la titular del Centro de Estudios para la Igualdad de G\u00e9nero y Derechos Humanos de la LXV Legislatura Estatal, Dra. M\u00f3nica Mendoza Madrigal.<br \/>\nExpertas de primer nivel participar\u00e1n en cada una de las ponencias y en las mesas que forman parte del programa, que inicia con la intervenci\u00f3n de Edurne Ochoa, Presidenta de \u201c33 Mujeres\u201d y consultora en Comunicaci\u00f3n Pol\u00edtica y G\u00e9nero que ha obtenido importantes premios a nivel internacional y nacional, qui\u00e9n hablar\u00e1 de la feminizaci\u00f3n de la pol\u00edtica.<br \/>\nEl segundo d\u00eda de actividades se ha preparado una Mesa de An\u00e1lisis para abordar la violencia digital y medi\u00e1tica y la importancia de informar con perspectiva de g\u00e9nero, temas fundamentales para las coberturas que se realizar\u00e1n en el proceso electoral.<br \/>\nPara esa Mesa se contar\u00e1 con la participaci\u00f3n de la Dra. Aim\u00e9e Vega, integrante de la Alianza Global de Medios y G\u00e9nero, GAMAG de UNESCO, que pertenece tambi\u00e9n al Consejo Consultivo del INMUJERES y es co-fundadora de organizaciones como \u201cConectadas\u201d, \u201cNosotras tenemos otros datos\u201d y \u201cLaboratorio Feminista de Derechos Digitales\u201d; as\u00ed como de la Dra. Claudia Calvin, experta en temas globales, G\u00e9nero, Igualdad y TIC\u00b4s, fundadora de \u201cMujeres Construyendo\u201d e integrante de las organizaciones \u201cConectadas\u201d, \u201cRed de Polit\u00f3logas\u201d y \u201c50+1\u201d. A ellas se une la Mtra. Gloria Alcocer, Directora de la Revista Voz y Voto y directora de la organizaci\u00f3n Fuerza Ciudadana A.C., qui\u00e9n es adem\u00e1s  defensora de la Igualdad y de los derechos de las juventudes.<br \/>\nCerrar\u00e1n esa Mesa, Olimpia Coral Melo fundadora del Frente Amplio por la Sororidad e impulsora de la Ley Olimpia sobre la violencia digital y la Mtra. Gabriela Vargas qui\u00e9n form\u00f3 parte del Tribunal Electoral del Poder Judicial de la Federaci\u00f3n habiendo sido Directora de Comunicaci\u00f3n Social y Transparencia, adem\u00e1s de haber asesorado a la Comisi\u00f3n Nacional de Derechos Humanos en temas de ataques contra periodistas, y de haber sido parte del Registro Federal de Electores del INE, perteneciendo actualmente a la \u201cRed de Polit\u00f3logas\u201d y a \u201cMujeres Construyendo\u201d.<br \/>\nEl tercer d\u00eda de actividades se abordar\u00e1n dos temas vinculados con la operatividad de las reglas que protegen a las mujeres en pol\u00edtica de las violencias: en el primero, se contar\u00e1 con la presencia de Yndira Saldoval, feminista, defensora de derechos humanos y activista pol\u00edtica que preside Las Constituyentes Feministas, organizaci\u00f3n impulsora de la Iniciativa 3 de 3 contra la violencia, tema del que hablar\u00e1 ampliamente. Y el segundo ser\u00e1 abordado por las Magistradas Claudia D\u00edaz Tablada, Presidenta del Tribunal Electoral de Veracruz y la Magistrada Eva Barrientos Zepeda integrante de la Sala Regional Xalapa del Tribunal Electoral del Poder Judicial de la Federaci\u00f3n, quienes hablar\u00e1n acerca de cu\u00e1les han sido hasta este momento los actos constitutivos de violencia pol\u00edtica contra las mujeres en raz\u00f3n de g\u00e9nero que se han se\u00f1alado en las quejas y demandas presentadas en las instancias a su cargo.<br \/>\nLa Mesa final correr\u00e1 a cargo de la Dra. Carla Humphrey y la Dra. Adriana Favela, ambas Consejeras Electorales del Instituto Nacional Electoral, quienes abordar\u00e1n el tema de las reformas legales en materia de participaci\u00f3n pol\u00edtica de las mujeres y algunas de las acciones que el Instituto ha adoptado como consecuencia de las mismas.<br \/>\n\tSe trata de un curso de primer nivel, puesto a la disposici\u00f3n del p\u00fablico interesado en Veracruz, que sin duda aportar\u00e1 elementos espec\u00edficos para conocer el funcionamiento de esta legislaci\u00f3n ya vigente y que ser\u00e1 un factor fundamental para el proceso electoral de 2021. Est\u00e1 dirigido a periodistas, mujeres en pol\u00edtica y partidos pol\u00edticos ciudadan\u00eda en general. Ser\u00e1  libre y de acceso gratuito y para quienes se registren y participen en las cuatro sesiones, habr\u00e1 constancias con valor curricular certificadas por el Servicio P\u00fablico de Carrera. Las cuatro sesiones se transmitir\u00e1n a trav\u00e9s de las redes sociales del OPLE Veracruz y del CEIGyDH.<br \/>\nEste curso forma parte de una serie de acciones que ambas instancias llevar\u00e1n a cabo a lo largo del proceso electoral para combatir la violencia pol\u00edtica contra las mujeres en raz\u00f3n de g\u00e9nero y promover la igualdad en la participaci\u00f3n pol\u00edtica como fundamento de la democracia.<\/p>\n","protected":false},"excerpt":{"rendered":"<p>Para abordar los mecanismos de funcionamiento del nuevo marco legal relativo a la violencia pol\u00edtica en raz\u00f3n de g\u00e9nero, se llevar\u00e1 a cabo del lunes 14 al jueves 17 de diciembre del presente a\u00f1o el curso virtual \u201cRutas para construir un proceso electoral libre de violencia pol\u00edtica en raz\u00f3n de g\u00e9nero\u201d, convocado por la Consejera [&hellip;]<\/p>\n","protected":false},"author":2,"featured_media":65117,"comment_status":"open","ping_status":"open","sticky":false,"template":"","format":"standard","meta":{"_jetpack_newsletter_access":"","_jetpack_dont_email_post_to_subs":false,"_jetpack_newsletter_tier_id":0,"_jetpack_memberships_contains_paywalled_content":false,"_jetpack_memberships_contains_paid_content":false,"footnotes":""},"categories":[73],"tags":[4843,7625,13921,3272,9141],"class_list":["post-65116","post","type-post","status-publish","format-standard","has-post-thumbnail","hentry","category-de-boleto","tag-igualdad-de-genero","tag-inmujeres","tag-monica-mendoza-madrigal","tag-ople","tag-tania-celina-vasquez-munoz"],"jetpack_featured_media_url":"https:\/\/lospoliticosveracruz.com.mx\/wp-content\/uploads\/2020\/12\/AD6BE957-D059-4991-90A7-8DDA67E6D961.png","jetpack_sharing_enabled":true,"jetpack_shortlink":"https:\/\/wp.me\/p4Qcd3-gWg","_links":{"self":[{"href":"https:\/\/lospoliticosveracruz.com.mx\/index.php?rest_route=\/wp\/v2\/posts\/65116","targetHints":{"allow":["GET"]}}],"collection":[{"href":"https:\/\/lospoliticosveracruz.com.mx\/index.php?rest_route=\/wp\/v2\/posts"}],"about":[{"href":"https:\/\/lospoliticosveracruz.com.mx\/index.php?rest_route=\/wp\/v2\/types\/post"}],"author":[{"embeddable":true,"href":"https:\/\/lospoliticosveracruz.com.mx\/index.php?rest_route=\/wp\/v2\/users\/2"}],"replies":[{"embeddable":true,"href":"https:\/\/lospoliticosveracruz.com.mx\/index.php?rest_route=%2Fwp%2Fv2%2Fcomments&post=65116"}],"version-history":[{"count":1,"href":"https:\/\/lospoliticosveracruz.com.mx\/index.php?rest_route=\/wp\/v2\/posts\/65116\/revisions"}],"predecessor-version":[{"id":65118,"href":"https:\/\/lospoliticosveracruz.com.mx\/index.php?rest_route=\/wp\/v2\/posts\/65116\/revisions\/65118"}],"wp:featuredmedia":[{"embeddable":true,"href":"https:\/\/lospoliticosveracruz.com.mx\/index.php?rest_route=\/wp\/v2\/media\/65117"}],"wp:attachment":[{"href":"https:\/\/lospoliticosveracruz.com.mx\/index.php?rest_route=%2Fwp%2Fv2%2Fmedia&parent=65116"}],"wp:term":[{"taxonomy":"category","embeddable":true,"href":"https:\/\/lospoliticosveracruz.com.mx\/index.php?rest_route=%2Fwp%2Fv2%2Fcategories&post=65116"},{"taxonomy":"post_tag","embeddable":true,"href":"https:\/\/lospoliticosveracruz.com.mx\/index.php?rest_route=%2Fwp%2Fv2%2Ftags&post=65116"}],"curies":[{"name":"wp","href":"https:\/\/api.w.org\/{rel}","templated":true}]}}