{"id":65128,"date":"2020-12-09T13:00:09","date_gmt":"2020-12-09T19:00:09","guid":{"rendered":"http:\/\/www.lospoliticosveracruz.com.mx\/?p=65128"},"modified":"2020-12-09T13:01:01","modified_gmt":"2020-12-09T19:01:01","slug":"ningun-actor-necesita-desprenderse-de-su-ideologia-para-aliarse","status":"publish","type":"post","link":"https:\/\/lospoliticosveracruz.com.mx\/?p=65128","title":{"rendered":"Ning\u00fan actor necesita desprenderse de su ideolog\u00eda para aliarse"},"content":{"rendered":"<p><strong>Inocencio Y\u00e1\u00f1ez Vicencio<\/strong><\/p>\n<p>Soy un afortunado de leer trabajos que expresan benepl\u00e1citos a la alianza opositora. Enhorabuena provocar el debate. Creo que urge despu\u00e9s de experiencias nada sanas que se han dado.<br \/>\nEfectivamente las alianzas permitieron a la democracia esclavista apuntalar lo que Arist\u00f3teles llamar\u00eda el r\u00e9gimen que privilegiaba la contemplaci\u00f3n. Por cierto sin que la hegemon\u00eda dem\u00f3crata renunciara a su ideolog\u00eda igualitaria.<br \/>\nLa Roma antigua bas\u00f3 su gloria en las alianzas. Igual, sin renunciar a su ideolog\u00eda esclavista e imperialista. El Feudalismo y despu\u00e9s las monarqu\u00edas absolutas se sustentaron  en alianzas. Lo mismo se hicieron en base a su ideolog\u00eda patrimonial y teol\u00f3gica.<br \/>\nLa historia de la Revoluci\u00f3n  francesa es la historia de las alianzas.<br \/>\nEl Tercer Estado es finalmente el triunfo de la burgues\u00eda incorporando a los nobles y miembros del clero para ser mayor\u00eda  y lograr no votar como cuerpo sino como cabezas en la reuni\u00f3n de los estados para convertirse en Asamblea Nacional y m\u00e1s tarde declararse Asamblea  Constituyente.<br \/>\nNadie con el m\u00e1s m\u00ednimo de conocimiento podr\u00eda decir que renunciaron a su ideolog\u00eda. Para prueba est\u00e1n  los discursos de Siey\u00e9s, Mirabeau, Condorcet&#8230; No, no se puede exorcizar la ideolog\u00eda de nadie. Quienes m\u00e1s atacan las ideolog\u00eda son quienes m\u00e1s responden a una ideolog\u00eda o a una retacer\u00eda de ideolog\u00eda como el fascismo. La Iglesia  Cat\u00f3lica responde a una ideolog\u00eda,  el d\u00eda que someta su credo a la ciencia se acaba, su verdad es revelada. Combate a Maquiavelo y es quien m\u00e1s  se ha servido de la raz\u00f3n de Estado. No, ya no queremos hipocres\u00edas.<br \/>\nQue nadie se desprenda de su ideolog\u00eda. Que cada quien se presente con su ropaje. Fuera m\u00e1scaras.                                       Oportunamente le advert\u00ed  al PRD que en virtud de que su alianza con el PAN era una alianza de poder, exclusivamente para sacar al PRI y entrar ellos, los llevar\u00eda a su p\u00e9rdida de identidad, porque mientras al PAN le serv\u00eda para lavar su historia reaccionaria, al PRD lo deste\u00f1\u00eda.<br \/>\nObrador entendi\u00f3 bien, por eso qued\u00f3 a salvo, pero no el PRD, que qued\u00f3 atrapado en la mercader\u00eda pol\u00edtica.<br \/>\nHoy es distinto, porque  la alianza lleva como bandera la restauraci\u00f3n de la Rep\u00fablica, que es una bandera que trasciende la lucha partidista, porque no s\u00f3lo afecta a los actores sino tambi\u00e9n las reglas del juego.<br \/>\nSabemos que es polivalente el concepto de ideolog\u00eda, que va de la distorsi\u00f3n de la realidad hasta la idea que tiene seguidores. Para los marxistas la \u00fanica ideolog\u00eda que es verdadera es la ideolog\u00eda de la clase trabajadora, porque solo ella se interesa en mostrar la realidad tal cual.<br \/>\nLo cierto es que cada uno de los partidos responde a una visi\u00f3n de la vida y del mundo. Necesitamos que los partidos hagan un lado por ahora su ideolog\u00eda,  que es lo que creo que se quiso decir, pero no que se desprendan para aliarse, porque el prop\u00f3sito de hoy debe hegemonizar los otros prop\u00f3sitos partidistas. Hablo de hegemon\u00eda como la entienden Gramsci, Poulantzas, Laclau.<br \/>\nEsta alianza del PAN, PRI y el PRD es una alianza contra ese populismo que tiene sus ra\u00edces en aqu\u00e9l populismo que Lenin denunci\u00f3 como r\u00e9mora anticapitalista por ir contra la historia y el desarrollo de las fuerzas productivas, que en M\u00e9xico  est\u00e1 destruyendo la divisi\u00f3n de poderes y los l\u00edmites del poder, que nos deben permitir pasar de una libertad formal a una libertad real.<br \/>\nAbramos la discusi\u00f3n,  porque s\u00f3lo de la discusi\u00f3n puede brotar las luces que nos permitan limitar, como dijera Montesquieu, al poder con el poder mismo. La oposici\u00f3n \u00fanicamente quiere restablecer el equilibrio de la Rep\u00fablica,  mientras Amlo y Morena, ya lo dijo Mario Delgado, ve a los que s\u00f3lo son sus adversarios como un tumor y como todos los tumores deben extirparse,  dejan claro que no buscan vencer sino eliminar, extirpar al contrario. Contra la calamidad que representan Amlo y Morena, es v\u00e1lido aliarse, llevando como bandera hegem\u00f3nica la ideolog\u00eda republicana.<\/p>\n","protected":false},"excerpt":{"rendered":"<p>Inocencio Y\u00e1\u00f1ez Vicencio Soy un afortunado de leer trabajos que expresan benepl\u00e1citos a la alianza opositora. Enhorabuena provocar el debate. Creo que urge despu\u00e9s de experiencias nada sanas que se han dado. Efectivamente las alianzas permitieron a la democracia esclavista apuntalar lo que Arist\u00f3teles llamar\u00eda el r\u00e9gimen que privilegiaba la contemplaci\u00f3n. Por cierto sin que [&hellip;]<\/p>\n","protected":false},"author":2,"featured_media":65129,"comment_status":"open","ping_status":"open","sticky":false,"template":"","format":"standard","meta":{"_jetpack_newsletter_access":"","_jetpack_dont_email_post_to_subs":false,"_jetpack_newsletter_tier_id":0,"_jetpack_memberships_contains_paywalled_content":false,"_jetpack_memberships_contains_paid_content":false,"footnotes":""},"categories":[70],"tags":[3199,24267,12596,1026,266,11812,107,251],"class_list":["post-65128","post","type-post","status-publish","format-standard","has-post-thumbnail","hentry","category-de-opinion","tag-alianza","tag-division-de-poderes","tag-mario-delgado","tag-morena","tag-pan","tag-populismo","tag-prd","tag-pri"],"jetpack_featured_media_url":"https:\/\/lospoliticosveracruz.com.mx\/wp-content\/uploads\/2020\/12\/2B322BCB-393A-40C0-A5AA-7ACD8ACCBC61.jpeg","jetpack_sharing_enabled":true,"jetpack_shortlink":"https:\/\/wp.me\/p4Qcd3-gWs","_links":{"self":[{"href":"https:\/\/lospoliticosveracruz.com.mx\/index.php?rest_route=\/wp\/v2\/posts\/65128","targetHints":{"allow":["GET"]}}],"collection":[{"href":"https:\/\/lospoliticosveracruz.com.mx\/index.php?rest_route=\/wp\/v2\/posts"}],"about":[{"href":"https:\/\/lospoliticosveracruz.com.mx\/index.php?rest_route=\/wp\/v2\/types\/post"}],"author":[{"embeddable":true,"href":"https:\/\/lospoliticosveracruz.com.mx\/index.php?rest_route=\/wp\/v2\/users\/2"}],"replies":[{"embeddable":true,"href":"https:\/\/lospoliticosveracruz.com.mx\/index.php?rest_route=%2Fwp%2Fv2%2Fcomments&post=65128"}],"version-history":[{"count":1,"href":"https:\/\/lospoliticosveracruz.com.mx\/index.php?rest_route=\/wp\/v2\/posts\/65128\/revisions"}],"predecessor-version":[{"id":65130,"href":"https:\/\/lospoliticosveracruz.com.mx\/index.php?rest_route=\/wp\/v2\/posts\/65128\/revisions\/65130"}],"wp:featuredmedia":[{"embeddable":true,"href":"https:\/\/lospoliticosveracruz.com.mx\/index.php?rest_route=\/wp\/v2\/media\/65129"}],"wp:attachment":[{"href":"https:\/\/lospoliticosveracruz.com.mx\/index.php?rest_route=%2Fwp%2Fv2%2Fmedia&parent=65128"}],"wp:term":[{"taxonomy":"category","embeddable":true,"href":"https:\/\/lospoliticosveracruz.com.mx\/index.php?rest_route=%2Fwp%2Fv2%2Fcategories&post=65128"},{"taxonomy":"post_tag","embeddable":true,"href":"https:\/\/lospoliticosveracruz.com.mx\/index.php?rest_route=%2Fwp%2Fv2%2Ftags&post=65128"}],"curies":[{"name":"wp","href":"https:\/\/api.w.org\/{rel}","templated":true}]}}