{"id":65189,"date":"2020-12-10T14:44:55","date_gmt":"2020-12-10T20:44:55","guid":{"rendered":"http:\/\/www.lospoliticosveracruz.com.mx\/?p=65189"},"modified":"2020-12-10T14:44:55","modified_gmt":"2020-12-10T20:44:55","slug":"cordoba-color-y-tradicion","status":"publish","type":"post","link":"https:\/\/lospoliticosveracruz.com.mx\/?p=65189","title":{"rendered":"C\u00f3rdoba, color y tradici\u00f3n!"},"content":{"rendered":"<p>&nbsp;<\/p>\n<p>C\u00f3rdoba se llen\u00f3 de color y tradici\u00f3n al ser sede de la edici\u00f3n especial navide\u00f1a del programa Orgullo Veracruzano, evento en el que particip\u00f3 talento local escenificando estampas alusivas a las fechas decembrinas con el objetivo de promover las tradiciones veracruzanas.<br \/>\nCon motivo de la situaci\u00f3n epidemiol\u00f3gica, esta edici\u00f3n de Orgullo Veracruzano no cont\u00f3 con p\u00fablico y se transmitir\u00e1 por la se\u00f1al de Radio Televisi\u00f3n de Veracruz (RTV), y redes sociales en pr\u00f3ximas fechas.<br \/>\nEn su mensaje, Rebeca Quintanar Barcel\u00f3, directora estatal del sistema para el desarrollo integral de la familia, dijo que el estado de Veracruz es rico en manifestaciones art\u00edsticas, por lo que existe el compromiso de preservar y difundir sus tradiciones a trav\u00e9s de la familia, as\u00ed como de difundir su m\u00fasica y expresiones culturales.<br \/>\nDurante el evento que se realiz\u00f3 en el teatro Pedro D\u00edaz, la compa\u00f1\u00eda folcl\u00f3rica ViDanza present\u00f3 el espect\u00e1culo La posada en la que represent\u00f3 con escenas danc\u00edsticas las vi\u00f1etas musicales Blanca Navidad, El ni\u00f1o del tambor, No\u00e9 y Venid fieles todos.<br \/>\nLa representaci\u00f3n del tradicional Viejo corri\u00f3 a cargo de la compa\u00f1\u00eda folcl\u00f3rica de San Francisco Toxpan, mientras que la pastorela En b\u00fasqueda del esp\u00edritu de la luz estuvo a cargo de la compa\u00f1\u00eda de teatro Foro Cuatro.<br \/>\nA nombre de la presidenta municipal, Leticia L\u00f3pez Landero, Janet Z\u00e1rate Monlu\u00ed, directora de SMDIF, agradeci\u00f3 la oportunidad de que C\u00f3rdoba sea sede de este evento que contribuye a enriquecer la vida art\u00edstica local y muestra a Veracruz el talento que existe en el municipio.<br \/>\nNadia Zilli Basurto, directora de turismo y cultura del Ayuntamiento de C\u00f3rdoba, destac\u00f3 que la presentaci\u00f3n de Orgullo Veracruzano contribuye a la difusi\u00f3n de las bondades culturales y las expresiones art\u00edsticas de este municipio.<br \/>\nIndic\u00f3 que C\u00f3rdoba form\u00f3 parte de un grupo de diez ciudades que forman parte del Festival Orgullo Navide\u00f1o, permitiendo presentar al talento cordob\u00e9s en este programa que se transmitir\u00e1 en pr\u00f3ximas fechas.<\/p>\n","protected":false},"excerpt":{"rendered":"<p>&nbsp; C\u00f3rdoba se llen\u00f3 de color y tradici\u00f3n al ser sede de la edici\u00f3n especial navide\u00f1a del programa Orgullo Veracruzano, evento en el que particip\u00f3 talento local escenificando estampas alusivas a las fechas decembrinas con el objetivo de promover las tradiciones veracruzanas. Con motivo de la situaci\u00f3n epidemiol\u00f3gica, esta edici\u00f3n de Orgullo Veracruzano no cont\u00f3 [&hellip;]<\/p>\n","protected":false},"author":2,"featured_media":0,"comment_status":"open","ping_status":"open","sticky":false,"template":"","format":"standard","meta":{"_jetpack_newsletter_access":"","_jetpack_dont_email_post_to_subs":false,"_jetpack_newsletter_tier_id":0,"_jetpack_memberships_contains_paywalled_content":false,"_jetpack_memberships_contains_paid_content":false,"footnotes":""},"categories":[73],"tags":[24292,23563,7641,18347,24293,726,20800,22537],"class_list":["post-65189","post","type-post","status-publish","format-standard","hentry","category-de-boleto","tag-fechas-decembrinas","tag-janet-zarate-monlui","tag-leticia-lopez-landero","tag-orgullo-veracruzano","tag-pastorela","tag-radio-television-de-veracruz","tag-situacion-epidemiologica","tag-teatro-pedro-diaz"],"jetpack_featured_media_url":"","jetpack_sharing_enabled":true,"jetpack_shortlink":"https:\/\/wp.me\/p4Qcd3-gXr","_links":{"self":[{"href":"https:\/\/lospoliticosveracruz.com.mx\/index.php?rest_route=\/wp\/v2\/posts\/65189","targetHints":{"allow":["GET"]}}],"collection":[{"href":"https:\/\/lospoliticosveracruz.com.mx\/index.php?rest_route=\/wp\/v2\/posts"}],"about":[{"href":"https:\/\/lospoliticosveracruz.com.mx\/index.php?rest_route=\/wp\/v2\/types\/post"}],"author":[{"embeddable":true,"href":"https:\/\/lospoliticosveracruz.com.mx\/index.php?rest_route=\/wp\/v2\/users\/2"}],"replies":[{"embeddable":true,"href":"https:\/\/lospoliticosveracruz.com.mx\/index.php?rest_route=%2Fwp%2Fv2%2Fcomments&post=65189"}],"version-history":[{"count":1,"href":"https:\/\/lospoliticosveracruz.com.mx\/index.php?rest_route=\/wp\/v2\/posts\/65189\/revisions"}],"predecessor-version":[{"id":65191,"href":"https:\/\/lospoliticosveracruz.com.mx\/index.php?rest_route=\/wp\/v2\/posts\/65189\/revisions\/65191"}],"wp:attachment":[{"href":"https:\/\/lospoliticosveracruz.com.mx\/index.php?rest_route=%2Fwp%2Fv2%2Fmedia&parent=65189"}],"wp:term":[{"taxonomy":"category","embeddable":true,"href":"https:\/\/lospoliticosveracruz.com.mx\/index.php?rest_route=%2Fwp%2Fv2%2Fcategories&post=65189"},{"taxonomy":"post_tag","embeddable":true,"href":"https:\/\/lospoliticosveracruz.com.mx\/index.php?rest_route=%2Fwp%2Fv2%2Ftags&post=65189"}],"curies":[{"name":"wp","href":"https:\/\/api.w.org\/{rel}","templated":true}]}}