{"id":65269,"date":"2020-12-12T16:00:45","date_gmt":"2020-12-12T22:00:45","guid":{"rendered":"http:\/\/www.lospoliticosveracruz.com.mx\/?p=65269"},"modified":"2020-12-12T16:00:45","modified_gmt":"2020-12-12T22:00:45","slug":"fe-y-prevencion","status":"publish","type":"post","link":"https:\/\/lospoliticosveracruz.com.mx\/?p=65269","title":{"rendered":"Fe y Prevenci\u00f3n!"},"content":{"rendered":"<p>&nbsp;<\/p>\n<p>Las acciones de reforzamiento de protocolos sanitarios entre autoridades religiosas y Ayuntamiento de C\u00f3rdoba, ante las festividades por el 12 de diciembre, busca mitigar los casos de Covid-19.<br \/>\nJorge L\u00f3pez Tress director de Educaci\u00f3n y Deporte y presidente de la Mesa Covid Municipal, dio a conocer que las aglomeraci\u00f3nes por la fechas provoca un aumento en el riesgo del contagio por ello los mecanismos para cuidar la salud de las y los cordobeses.<br \/>\n\u00abSe tuvieron dos reuniones con autoridades religiosas para coordinar acciones y evitar aglomeraci\u00f3nes\u00a0 haciendo m\u00e1s fluida el ingreso y\u00a0 visita de feligreses a la Catedral, adem\u00e1s del cumplimiento al protocolo sanitario de ingreso a la iglesia\u00bb, inform\u00f3 el director municipal.<br \/>\nCon la direcci\u00f3n de Comercio se trabajo para organizar a las y los comerciantes y vendedores, para poder privilegiar la sana distancia.<br \/>\nPersonal de la direcci\u00f3n de Tr\u00e1nsito y Segurifad Vial (DTySV), de la Unidad Municipal de Protecci\u00f3n Civil (UMPC), jefatura de Salud, Educaci\u00f3n y Deporte, implementaron un operativo para que las y los ciudadanos que acudieron a la Catedral de la Inmaculada Concepci\u00f3n cumplieran las medidas preventivas previo a su ingreso.<br \/>\nDesde las 7 de la ma\u00f1ana se instal\u00f3 el protocolo el cual permanecer\u00e1 el resto del d\u00eda.<\/p>\n","protected":false},"excerpt":{"rendered":"<p>&nbsp; Las acciones de reforzamiento de protocolos sanitarios entre autoridades religiosas y Ayuntamiento de C\u00f3rdoba, ante las festividades por el 12 de diciembre, busca mitigar los casos de Covid-19. Jorge L\u00f3pez Tress director de Educaci\u00f3n y Deporte y presidente de la Mesa Covid Municipal, dio a conocer que las aglomeraci\u00f3nes por la fechas provoca un [&hellip;]<\/p>\n","protected":false},"author":2,"featured_media":0,"comment_status":"open","ping_status":"open","sticky":false,"template":"","format":"standard","meta":{"_jetpack_newsletter_access":"","_jetpack_dont_email_post_to_subs":false,"_jetpack_newsletter_tier_id":0,"_jetpack_memberships_contains_paywalled_content":false,"_jetpack_memberships_contains_paid_content":false,"footnotes":""},"categories":[73],"tags":[18828,7641,24343,24344,17387],"class_list":["post-65269","post","type-post","status-publish","format-standard","hentry","category-de-boleto","tag-jorge-lopez-tress","tag-leticia-lopez-landero","tag-mesa-covid-municipal","tag-transito-y-segurifad-vial","tag-unidad-municipal-de-proteccion-civil"],"jetpack_featured_media_url":"","jetpack_sharing_enabled":true,"jetpack_shortlink":"https:\/\/wp.me\/p4Qcd3-gYJ","_links":{"self":[{"href":"https:\/\/lospoliticosveracruz.com.mx\/index.php?rest_route=\/wp\/v2\/posts\/65269","targetHints":{"allow":["GET"]}}],"collection":[{"href":"https:\/\/lospoliticosveracruz.com.mx\/index.php?rest_route=\/wp\/v2\/posts"}],"about":[{"href":"https:\/\/lospoliticosveracruz.com.mx\/index.php?rest_route=\/wp\/v2\/types\/post"}],"author":[{"embeddable":true,"href":"https:\/\/lospoliticosveracruz.com.mx\/index.php?rest_route=\/wp\/v2\/users\/2"}],"replies":[{"embeddable":true,"href":"https:\/\/lospoliticosveracruz.com.mx\/index.php?rest_route=%2Fwp%2Fv2%2Fcomments&post=65269"}],"version-history":[{"count":1,"href":"https:\/\/lospoliticosveracruz.com.mx\/index.php?rest_route=\/wp\/v2\/posts\/65269\/revisions"}],"predecessor-version":[{"id":65271,"href":"https:\/\/lospoliticosveracruz.com.mx\/index.php?rest_route=\/wp\/v2\/posts\/65269\/revisions\/65271"}],"wp:attachment":[{"href":"https:\/\/lospoliticosveracruz.com.mx\/index.php?rest_route=%2Fwp%2Fv2%2Fmedia&parent=65269"}],"wp:term":[{"taxonomy":"category","embeddable":true,"href":"https:\/\/lospoliticosveracruz.com.mx\/index.php?rest_route=%2Fwp%2Fv2%2Fcategories&post=65269"},{"taxonomy":"post_tag","embeddable":true,"href":"https:\/\/lospoliticosveracruz.com.mx\/index.php?rest_route=%2Fwp%2Fv2%2Ftags&post=65269"}],"curies":[{"name":"wp","href":"https:\/\/api.w.org\/{rel}","templated":true}]}}