{"id":65314,"date":"2020-12-14T08:39:24","date_gmt":"2020-12-14T14:39:24","guid":{"rendered":"http:\/\/www.lospoliticosveracruz.com.mx\/?p=65314"},"modified":"2020-12-14T08:39:24","modified_gmt":"2020-12-14T14:39:24","slug":"rogar-desde-el-poder","status":"publish","type":"post","link":"https:\/\/lospoliticosveracruz.com.mx\/?p=65314","title":{"rendered":"Rogar desde el poder"},"content":{"rendered":"<p><strong>Lorena Pi\u00f1\u00f3n Rivera<\/strong><\/p>\n<p><em>Consummatum est<\/em><\/p>\n<p><a href=\"http:\/\/www.lospoliticosveracruz.com.mx\/wp-content\/uploads\/2020\/12\/Informe-Lety.jpg\"><img loading=\"lazy\" decoding=\"async\" class=\"alignleft size-full wp-image-65308\" src=\"http:\/\/www.lospoliticosveracruz.com.mx\/wp-content\/uploads\/2020\/12\/Informe-Lety.jpg\" alt=\"Informe Lety\" width=\"375\" height=\"733\" \/><\/a>En M\u00e9xico, la pandemia nunca ha estado domada. De manera escandalosa, todos los pron\u00f3sticos de defunciones en nuestro pa\u00eds han sido pulverizados por la realidad. Es tal la doble moral del gobierno de Morena, que primero Hugo L\u00f3pez Gatell asever\u00f3 que el pico de contagios acontecer\u00eda el 9 de mayo, a pesar de su evidente yerro, un mes despu\u00e9s hubo una campa\u00f1a propagand\u00edstica que afirmaba que ante la excelencia de su trayectoria, la Organizaci\u00f3n Mundial de la Salud sumaba a su panel de expertos para el manejo de la emergencia sanitaria a L\u00f3pez Gatell.<br \/>\nPrimero todos los elogios a la OMS porque reclutaba a un destacado funcionario de la \u00abCuarta Transformaci\u00f3n de M\u00e9xico\u00bb, pero hace unos d\u00edas que hubo pronunciamientos del Director de la OMS Tedros Adhanom en un sentido cr\u00edtico hacia la gesti\u00f3n de la emergencia sanitaria en nuestro pa\u00eds, el gobierno de Morena se deslind\u00f3 y alentaron la versi\u00f3n que el exhorto para atender con seriedad el problema era para la poblaci\u00f3n en general, no para la administraci\u00f3n gubernamental federal.<br \/>\nDec\u00eda Luis Donaldo Colosio que \u00abcala m\u00e1s el ejemplo que la palabra\u00bb, en esa t\u00f3nica, cala m\u00e1s el mal ejemplo del presidente y de L\u00f3pez Gattell que por pura necedad afirman que el uso de cubrebocas no es una medida preventiva real. Cuando el presidente afirma que es m\u00e1s importante la libertad de elegir si te cubres o no las v\u00edas respiratorias y \u00e9l es un t\u00e1cito promotor de la dispersi\u00f3n de aerosoles bucales, entonces estamos ante una grave dificultad porque cualquier advertencia profesional basada en estrictos criterios cient\u00edficos se diluye ante los admiradores presidenciales que de buena fe le creen a L\u00f3pez.<br \/>\nMientras nuestro gobierno tuvo las intenciones de que el sistema de salud nacional estuviera al nivel de Dinamarca al iniciar este mes, hay otras latitudes del mundo en donde gobiernan sin aspiraciones desproporcionadas y reconociendo la gravedad de lo que ha desencadenado el coronavirus.<br \/>\nLa canciller alemana Angela Merkel, que rara vez retoma pasajes de su vida personal en sus apariciones p\u00fablicas, ha exhortado a su pueblo a tomar todas las medidas de prevenci\u00f3n de contagio con una confesi\u00f3n privada: cuando era joven, decidi\u00f3 estudiar f\u00edsica porque incluso un estado totalitario como lo era la extinta Rep\u00fablica Democr\u00e1tica Alemana, no pod\u00edan derogar las leyes de la naturaleza. \u00abS\u00ed, la ciencia tambi\u00e9n puede estar equivocada, puede obtener nuevos y mejores conocimientos, pero debemos confiar en ella, porque no tenemos mejor base para nuestras decisiones que la raz\u00f3n y \u00e9sta indica que debemos usar cubrebocas\u00bb, coment\u00f3 Merkel.<br \/>\nLa canciller tambi\u00e9n exalt\u00f3 una de las bases del ser humano: la solidaridad, \u00ab\u00bfpodemos realmente aceptar un n\u00famero cada vez mayor de pacientes en las unidades de cuidados intensivos, podemos pasar por alto 400 o 500 muertes todos los d\u00edas solo para mantener abiertos los puestos de vino caliente y las panader\u00edas?\u00bb, eso suena macabro pero describe el dilema de luchar contra una pandemia. Angela Merkel ha rogado que se le tenga confianza a la ciencia, que aconseja restricciones de contacto m\u00e1s estrictas. Por eso la consideraci\u00f3n de que cada quien decida en libertad como lo ha propuesto el presidente L\u00f3pez, resulta da\u00f1ina para los 130 millones de mexicanos. La consideraci\u00f3n de muchos intereses individuales leg\u00edtimos no debe oscurecer la visi\u00f3n del bienestar general.<br \/>\nConsummatum: Alito Moreno ha exhibido la mezquindad: Si tan interesados est\u00e1n en Morena en combatir alg\u00fan \u00abtumor\u00bb, mejor que empiecen por abastecer medicamentos a las miles de familias que est\u00e1n viendo fallecer a sus hijos, por la incompetencia de este gobierno. La hipocres\u00eda de Morena es tan grande, que pretenden ignorar su responsabilidad total en la desaparici\u00f3n de las guarder\u00edas infantiles, el \u00abagandalle\u00bb de los fideicomisos y la falsa austeridad que pregonan. Tw: @lorenapignon_<br \/>\nSecretaria Nacional de Gesti\u00f3n Social del PRI<\/p>\n","protected":false},"excerpt":{"rendered":"<p>Lorena Pi\u00f1\u00f3n Rivera Consummatum est En M\u00e9xico, la pandemia nunca ha estado domada. De manera escandalosa, todos los pron\u00f3sticos de defunciones en nuestro pa\u00eds han sido pulverizados por la realidad. Es tal la doble moral del gobierno de Morena, que primero Hugo L\u00f3pez Gatell asever\u00f3 que el pico de contagios acontecer\u00eda el 9 de mayo, [&hellip;]<\/p>\n","protected":false},"author":2,"featured_media":65315,"comment_status":"open","ping_status":"open","sticky":false,"template":"","format":"standard","meta":{"_jetpack_newsletter_access":"","_jetpack_dont_email_post_to_subs":false,"_jetpack_newsletter_tier_id":0,"_jetpack_memberships_contains_paywalled_content":false,"_jetpack_memberships_contains_paid_content":false,"footnotes":""},"categories":[70],"tags":[24359,12744,16671,2817,4770,2200,1026,15211],"class_list":["post-65314","post","type-post","status-publish","format-standard","has-post-thumbnail","hentry","category-de-opinion","tag-alito-moreno","tag-cuarta-transformacion","tag-hugo-lopez-gatell","tag-incompetencia","tag-lorena-pinon-rivera","tag-luis-donaldo-colosio","tag-morena","tag-organizacion-mundial-de-la-salud"],"jetpack_featured_media_url":"https:\/\/lospoliticosveracruz.com.mx\/wp-content\/uploads\/2020\/12\/L\u00f3pez.jpeg","jetpack_sharing_enabled":true,"jetpack_shortlink":"https:\/\/wp.me\/p4Qcd3-gZs","_links":{"self":[{"href":"https:\/\/lospoliticosveracruz.com.mx\/index.php?rest_route=\/wp\/v2\/posts\/65314","targetHints":{"allow":["GET"]}}],"collection":[{"href":"https:\/\/lospoliticosveracruz.com.mx\/index.php?rest_route=\/wp\/v2\/posts"}],"about":[{"href":"https:\/\/lospoliticosveracruz.com.mx\/index.php?rest_route=\/wp\/v2\/types\/post"}],"author":[{"embeddable":true,"href":"https:\/\/lospoliticosveracruz.com.mx\/index.php?rest_route=\/wp\/v2\/users\/2"}],"replies":[{"embeddable":true,"href":"https:\/\/lospoliticosveracruz.com.mx\/index.php?rest_route=%2Fwp%2Fv2%2Fcomments&post=65314"}],"version-history":[{"count":1,"href":"https:\/\/lospoliticosveracruz.com.mx\/index.php?rest_route=\/wp\/v2\/posts\/65314\/revisions"}],"predecessor-version":[{"id":65319,"href":"https:\/\/lospoliticosveracruz.com.mx\/index.php?rest_route=\/wp\/v2\/posts\/65314\/revisions\/65319"}],"wp:featuredmedia":[{"embeddable":true,"href":"https:\/\/lospoliticosveracruz.com.mx\/index.php?rest_route=\/wp\/v2\/media\/65315"}],"wp:attachment":[{"href":"https:\/\/lospoliticosveracruz.com.mx\/index.php?rest_route=%2Fwp%2Fv2%2Fmedia&parent=65314"}],"wp:term":[{"taxonomy":"category","embeddable":true,"href":"https:\/\/lospoliticosveracruz.com.mx\/index.php?rest_route=%2Fwp%2Fv2%2Fcategories&post=65314"},{"taxonomy":"post_tag","embeddable":true,"href":"https:\/\/lospoliticosveracruz.com.mx\/index.php?rest_route=%2Fwp%2Fv2%2Ftags&post=65314"}],"curies":[{"name":"wp","href":"https:\/\/api.w.org\/{rel}","templated":true}]}}