{"id":65429,"date":"2020-12-14T20:35:06","date_gmt":"2020-12-15T02:35:06","guid":{"rendered":"http:\/\/www.lospoliticosveracruz.com.mx\/?p=65429"},"modified":"2020-12-14T20:35:06","modified_gmt":"2020-12-15T02:35:06","slug":"a-toda-maquina","status":"publish","type":"post","link":"https:\/\/lospoliticosveracruz.com.mx\/?p=65429","title":{"rendered":"A toda m\u00e1quina!"},"content":{"rendered":"<p>&nbsp;<\/p>\n<p>El Cabildo del Ayuntamiento de C\u00f3rdoba autoriz\u00f3 a la presidenta Leticia L\u00f3pez Landero y al S\u00edndico firmar convenio de colaboraci\u00f3n con Ferrocarril del Sureste S. A de C. V (FERROSUR), que establece la aportaci\u00f3n de 10 millones de pesos de parte de esa empresa para la construcci\u00f3n de la segunda etapa del paso a desnivel en el barrio de Las Estaciones.<br \/>\n<a href=\"http:\/\/www.lospoliticosveracruz.com.mx\/wp-content\/uploads\/2020\/12\/Informe-Lety.jpg\"><img loading=\"lazy\" decoding=\"async\" class=\"alignleft size-full wp-image-65308\" src=\"http:\/\/www.lospoliticosveracruz.com.mx\/wp-content\/uploads\/2020\/12\/Informe-Lety.jpg\" alt=\"Informe Lety\" width=\"375\" height=\"733\" \/><\/a>En el marco de la cent\u00e9sima cuadrag\u00e9sima s\u00e9ptima sesi\u00f3n ordinaria de Cabildo, Antonio Morales Salinas, director de obras p\u00fablicas, inform\u00f3 al cuerpo edilicio que al mes de noviembre, la construcci\u00f3n del paso a desnivel avanz\u00f3 conforme lo programado en el calendario de obra.<br \/>\nDetall\u00f3 que la aportaci\u00f3n de FERROSUR se logr\u00f3 gracias a las gestiones realizadas por la presidenta Leticia L\u00f3pez Landero ante la empresa. Indic\u00f3 que este recurso se sumar\u00e1 a la inversi\u00f3n municipal para la segunda etapa del proyecto a ejecutarse, previa autorizaci\u00f3n del Cabildo, durante el a\u00f1o 2021.<br \/>\nDestac\u00f3 que el paso a desnivel es una de las megaobras que realiza la administraci\u00f3n municipal que ser\u00e1 de beneficio no s\u00f3lo para C\u00f3rdoba sino para la regi\u00f3n. Mencion\u00f3 que con el paso a desnivel se mejorar\u00e1 la movilidad e impulsar\u00e1 el desarrollo econ\u00f3mico municipal.<\/p>\n","protected":false},"excerpt":{"rendered":"<p>&nbsp; El Cabildo del Ayuntamiento de C\u00f3rdoba autoriz\u00f3 a la presidenta Leticia L\u00f3pez Landero y al S\u00edndico firmar convenio de colaboraci\u00f3n con Ferrocarril del Sureste S. A de C. V (FERROSUR), que establece la aportaci\u00f3n de 10 millones de pesos de parte de esa empresa para la construcci\u00f3n de la segunda etapa del paso a [&hellip;]<\/p>\n","protected":false},"author":2,"featured_media":0,"comment_status":"open","ping_status":"open","sticky":false,"template":"","format":"standard","meta":{"_jetpack_newsletter_access":"","_jetpack_dont_email_post_to_subs":false,"_jetpack_newsletter_tier_id":0,"_jetpack_memberships_contains_paywalled_content":false,"_jetpack_memberships_contains_paid_content":false,"footnotes":""},"categories":[73],"tags":[3081,11733,7641,24391,3771],"class_list":["post-65429","post","type-post","status-publish","format-standard","hentry","category-de-boleto","tag-desarrollo-economico","tag-ferrosur","tag-leticia-lopez-landero","tag-megaobras","tag-obras-publicas"],"jetpack_featured_media_url":"","jetpack_sharing_enabled":true,"jetpack_shortlink":"https:\/\/wp.me\/p4Qcd3-h1j","_links":{"self":[{"href":"https:\/\/lospoliticosveracruz.com.mx\/index.php?rest_route=\/wp\/v2\/posts\/65429","targetHints":{"allow":["GET"]}}],"collection":[{"href":"https:\/\/lospoliticosveracruz.com.mx\/index.php?rest_route=\/wp\/v2\/posts"}],"about":[{"href":"https:\/\/lospoliticosveracruz.com.mx\/index.php?rest_route=\/wp\/v2\/types\/post"}],"author":[{"embeddable":true,"href":"https:\/\/lospoliticosveracruz.com.mx\/index.php?rest_route=\/wp\/v2\/users\/2"}],"replies":[{"embeddable":true,"href":"https:\/\/lospoliticosveracruz.com.mx\/index.php?rest_route=%2Fwp%2Fv2%2Fcomments&post=65429"}],"version-history":[{"count":1,"href":"https:\/\/lospoliticosveracruz.com.mx\/index.php?rest_route=\/wp\/v2\/posts\/65429\/revisions"}],"predecessor-version":[{"id":65431,"href":"https:\/\/lospoliticosveracruz.com.mx\/index.php?rest_route=\/wp\/v2\/posts\/65429\/revisions\/65431"}],"wp:attachment":[{"href":"https:\/\/lospoliticosveracruz.com.mx\/index.php?rest_route=%2Fwp%2Fv2%2Fmedia&parent=65429"}],"wp:term":[{"taxonomy":"category","embeddable":true,"href":"https:\/\/lospoliticosveracruz.com.mx\/index.php?rest_route=%2Fwp%2Fv2%2Fcategories&post=65429"},{"taxonomy":"post_tag","embeddable":true,"href":"https:\/\/lospoliticosveracruz.com.mx\/index.php?rest_route=%2Fwp%2Fv2%2Ftags&post=65429"}],"curies":[{"name":"wp","href":"https:\/\/api.w.org\/{rel}","templated":true}]}}