{"id":65461,"date":"2020-12-15T13:40:16","date_gmt":"2020-12-15T19:40:16","guid":{"rendered":"http:\/\/www.lospoliticosveracruz.com.mx\/?p=65461"},"modified":"2020-12-15T13:40:16","modified_gmt":"2020-12-15T19:40:16","slug":"2020-ano-de-obras-y-acciones-al-por-mayor","status":"publish","type":"post","link":"https:\/\/lospoliticosveracruz.com.mx\/?p=65461","title":{"rendered":"2020, a\u00f1o de Obras y Acciones al por mayor!"},"content":{"rendered":"<p>&nbsp;<\/p>\n<p>El Cabildo del Ayuntamiento de C\u00f3rdoba aprob\u00f3 el reporte del avance de obra p\u00fablica correspondiente al mes de noviembre que detalla que de las 67 obras programadas para el a\u00f1o 2020, 38 ya se concluyeron, otras 20 registran avances de entre el 50 y el 99 por ciento, mientras que diez m\u00e1s presentan un avance menor al 50 por ciento.<br \/>\n<a href=\"http:\/\/www.lospoliticosveracruz.com.mx\/wp-content\/uploads\/2020\/12\/Informe-Lety.jpg\"><img loading=\"lazy\" decoding=\"async\" class=\"alignleft size-full wp-image-65308\" src=\"http:\/\/www.lospoliticosveracruz.com.mx\/wp-content\/uploads\/2020\/12\/Informe-Lety.jpg\" alt=\"Informe Lety\" width=\"375\" height=\"733\" \/><\/a>Durante su cent\u00e9sima cuadrag\u00e9sima s\u00e9ptima sesi\u00f3n ordinaria, Antonio Morales Salinas, director de obras p\u00fablicas, explic\u00f3 que las obras que presentan menor porcentaje de avance son las que iniciaron en el mes de octubre, correspondientes al tercer paquete de obra para el presente a\u00f1o.<br \/>\nMencion\u00f3 que durante el a\u00f1o 2020 el Ayuntamiento de C\u00f3rdoba invirti\u00f3 m\u00e1s de 167 millones de pesos para desarrollar 67 obras p\u00fablicas y m\u00e1s de 200 acciones.<br \/>\nResalt\u00f3 que gracias al impulso de la presidenta Leticia L\u00f3pez Landero se logr\u00f3 la mayor inversi\u00f3n en infraestructura social en la historia de C\u00f3rdoba. Al respecto, destac\u00f3 que este a\u00f1o se logr\u00f3 atender mas del 80% de las solicitudes para mejoramiento de vivienda con la construcci\u00f3n de 181 losas de concreto y 20 cuartos dormitorio.<br \/>\nMorales Salinas dijo que adem\u00e1s se logr\u00f3 pavimentaron vialidades, se avanz\u00f3 en la rehabilitaci\u00f3n de un camino rural, se entreg\u00f3 una red de agua potable, as\u00ed como la construcci\u00f3n de domos en escuelas del municipio.<br \/>\nRecord\u00f3 que adem\u00e1s de la obra social, se inici\u00f3 la primera etapa de la construcci\u00f3n del paso a desnivel en el barrio de Las Estaciones, la rehabilitaci\u00f3n del mercado Revoluci\u00f3n, adem\u00e1s del rescate del parque Quinto Centenario, que son obras de impacto regional.<\/p>\n","protected":false},"excerpt":{"rendered":"<p>&nbsp; El Cabildo del Ayuntamiento de C\u00f3rdoba aprob\u00f3 el reporte del avance de obra p\u00fablica correspondiente al mes de noviembre que detalla que de las 67 obras programadas para el a\u00f1o 2020, 38 ya se concluyeron, otras 20 registran avances de entre el 50 y el 99 por ciento, mientras que diez m\u00e1s presentan un [&hellip;]<\/p>\n","protected":false},"author":2,"featured_media":65462,"comment_status":"open","ping_status":"open","sticky":false,"template":"","format":"standard","meta":{"_jetpack_newsletter_access":"","_jetpack_dont_email_post_to_subs":false,"_jetpack_newsletter_tier_id":0,"_jetpack_memberships_contains_paywalled_content":false,"_jetpack_memberships_contains_paid_content":false,"footnotes":""},"categories":[73],"tags":[21880,24422,7641,24423,6287,3771,8801,24424],"class_list":["post-65461","post","type-post","status-publish","format-standard","has-post-thumbnail","hentry","category-de-boleto","tag-construccion","tag-inversion-de-167-millones","tag-leticia-lopez-landero","tag-mayor-inversion-en-infraestructura","tag-obra-publica","tag-obras-publicas","tag-pavimentacion","tag-rahabilitacion"],"jetpack_featured_media_url":"https:\/\/lospoliticosveracruz.com.mx\/wp-content\/uploads\/2020\/12\/WhatsApp-Image-2020-12-15-at-13.32.49.jpeg","jetpack_sharing_enabled":true,"jetpack_shortlink":"https:\/\/wp.me\/p4Qcd3-h1P","_links":{"self":[{"href":"https:\/\/lospoliticosveracruz.com.mx\/index.php?rest_route=\/wp\/v2\/posts\/65461","targetHints":{"allow":["GET"]}}],"collection":[{"href":"https:\/\/lospoliticosveracruz.com.mx\/index.php?rest_route=\/wp\/v2\/posts"}],"about":[{"href":"https:\/\/lospoliticosveracruz.com.mx\/index.php?rest_route=\/wp\/v2\/types\/post"}],"author":[{"embeddable":true,"href":"https:\/\/lospoliticosveracruz.com.mx\/index.php?rest_route=\/wp\/v2\/users\/2"}],"replies":[{"embeddable":true,"href":"https:\/\/lospoliticosveracruz.com.mx\/index.php?rest_route=%2Fwp%2Fv2%2Fcomments&post=65461"}],"version-history":[{"count":1,"href":"https:\/\/lospoliticosveracruz.com.mx\/index.php?rest_route=\/wp\/v2\/posts\/65461\/revisions"}],"predecessor-version":[{"id":65463,"href":"https:\/\/lospoliticosveracruz.com.mx\/index.php?rest_route=\/wp\/v2\/posts\/65461\/revisions\/65463"}],"wp:featuredmedia":[{"embeddable":true,"href":"https:\/\/lospoliticosveracruz.com.mx\/index.php?rest_route=\/wp\/v2\/media\/65462"}],"wp:attachment":[{"href":"https:\/\/lospoliticosveracruz.com.mx\/index.php?rest_route=%2Fwp%2Fv2%2Fmedia&parent=65461"}],"wp:term":[{"taxonomy":"category","embeddable":true,"href":"https:\/\/lospoliticosveracruz.com.mx\/index.php?rest_route=%2Fwp%2Fv2%2Fcategories&post=65461"},{"taxonomy":"post_tag","embeddable":true,"href":"https:\/\/lospoliticosveracruz.com.mx\/index.php?rest_route=%2Fwp%2Fv2%2Ftags&post=65461"}],"curies":[{"name":"wp","href":"https:\/\/api.w.org\/{rel}","templated":true}]}}