{"id":65467,"date":"2020-12-15T16:50:17","date_gmt":"2020-12-15T22:50:17","guid":{"rendered":"http:\/\/www.lospoliticosveracruz.com.mx\/?p=65467"},"modified":"2020-12-15T16:50:17","modified_gmt":"2020-12-15T22:50:17","slug":"uber-sin-permiso","status":"publish","type":"post","link":"https:\/\/lospoliticosveracruz.com.mx\/?p=65467","title":{"rendered":"Uber, sin permiso"},"content":{"rendered":"<p>&nbsp;<\/p>\n<p>La Direcci\u00f3n General de Transporte del Estado niega que exista autorizaci\u00f3n para que la empresa de servicios Uber opere en la entidad; asimismo subraya que la Ley 589 de Tr\u00e1nsito y Transporte proh\u00edbe prestar el servicio p\u00fablico en cualquiera de sus modalidades sin concesi\u00f3n correspondiente.<\/p>\n<p><a href=\"http:\/\/www.lospoliticosveracruz.com.mx\/wp-content\/uploads\/2020\/12\/Informe-Lety.jpg\"><img loading=\"lazy\" decoding=\"async\" class=\"alignleft size-full wp-image-65308\" src=\"http:\/\/www.lospoliticosveracruz.com.mx\/wp-content\/uploads\/2020\/12\/Informe-Lety.jpg\" alt=\"Informe Lety\" width=\"375\" height=\"733\" \/><\/a><\/p>\n","protected":false},"excerpt":{"rendered":"<p>&nbsp; La Direcci\u00f3n General de Transporte del Estado niega que exista autorizaci\u00f3n para que la empresa de servicios Uber opere en la entidad; asimismo subraya que la Ley 589 de Tr\u00e1nsito y Transporte proh\u00edbe prestar el servicio p\u00fablico en cualquiera de sus modalidades sin concesi\u00f3n correspondiente.<\/p>\n","protected":false},"author":2,"featured_media":65468,"comment_status":"open","ping_status":"open","sticky":false,"template":"","format":"standard","meta":{"_jetpack_newsletter_access":"","_jetpack_dont_email_post_to_subs":false,"_jetpack_newsletter_tier_id":0,"_jetpack_memberships_contains_paywalled_content":false,"_jetpack_memberships_contains_paid_content":false,"footnotes":""},"categories":[6446],"tags":[7845,23664,24429,9304,195],"class_list":["post-65467","post","type-post","status-publish","format-standard","has-post-thumbnail","hentry","category-la-nota","tag-ley-de-transito-y-transporte","tag-servicio-publico","tag-sin-permiso","tag-uber","tag-veracruz"],"jetpack_featured_media_url":"https:\/\/lospoliticosveracruz.com.mx\/wp-content\/uploads\/2020\/12\/Uber.jpg","jetpack_sharing_enabled":true,"jetpack_shortlink":"https:\/\/wp.me\/p4Qcd3-h1V","_links":{"self":[{"href":"https:\/\/lospoliticosveracruz.com.mx\/index.php?rest_route=\/wp\/v2\/posts\/65467","targetHints":{"allow":["GET"]}}],"collection":[{"href":"https:\/\/lospoliticosveracruz.com.mx\/index.php?rest_route=\/wp\/v2\/posts"}],"about":[{"href":"https:\/\/lospoliticosveracruz.com.mx\/index.php?rest_route=\/wp\/v2\/types\/post"}],"author":[{"embeddable":true,"href":"https:\/\/lospoliticosveracruz.com.mx\/index.php?rest_route=\/wp\/v2\/users\/2"}],"replies":[{"embeddable":true,"href":"https:\/\/lospoliticosveracruz.com.mx\/index.php?rest_route=%2Fwp%2Fv2%2Fcomments&post=65467"}],"version-history":[{"count":1,"href":"https:\/\/lospoliticosveracruz.com.mx\/index.php?rest_route=\/wp\/v2\/posts\/65467\/revisions"}],"predecessor-version":[{"id":65469,"href":"https:\/\/lospoliticosveracruz.com.mx\/index.php?rest_route=\/wp\/v2\/posts\/65467\/revisions\/65469"}],"wp:featuredmedia":[{"embeddable":true,"href":"https:\/\/lospoliticosveracruz.com.mx\/index.php?rest_route=\/wp\/v2\/media\/65468"}],"wp:attachment":[{"href":"https:\/\/lospoliticosveracruz.com.mx\/index.php?rest_route=%2Fwp%2Fv2%2Fmedia&parent=65467"}],"wp:term":[{"taxonomy":"category","embeddable":true,"href":"https:\/\/lospoliticosveracruz.com.mx\/index.php?rest_route=%2Fwp%2Fv2%2Fcategories&post=65467"},{"taxonomy":"post_tag","embeddable":true,"href":"https:\/\/lospoliticosveracruz.com.mx\/index.php?rest_route=%2Fwp%2Fv2%2Ftags&post=65467"}],"curies":[{"name":"wp","href":"https:\/\/api.w.org\/{rel}","templated":true}]}}