{"id":65673,"date":"2020-12-19T18:36:38","date_gmt":"2020-12-20T00:36:38","guid":{"rendered":"http:\/\/www.lospoliticosveracruz.com.mx\/?p=65673"},"modified":"2020-12-19T18:36:38","modified_gmt":"2020-12-20T00:36:38","slug":"dr-antonio-rodriguez-fernandez-in-memoriam","status":"publish","type":"post","link":"https:\/\/lospoliticosveracruz.com.mx\/?p=65673","title":{"rendered":"Dr. Antonio Rodr\u00edguez Fern\u00e1ndez&#8230; in Memoriam"},"content":{"rendered":"<p><strong>Doctor Luis Enrique Hern\u00e1ndez<\/strong><\/p>\n<p>Tuve la oportunidad de conocerlo hace algunos a\u00f1os, justamente en la Coordinaci\u00f3n de Donaci\u00f3n del Hospital de Alta Especialidad de Veracruz. Ten\u00eda poco de haberse jubilado de su alma mater en el IMSS. Oriundo de Naolinco, reflejaba en su rostro la cultura del esfuerzo durante toda su vida. Fue tambi\u00e9n profesor normalista de profesi\u00f3n; de hecho, \u00e9l quer\u00eda ser Ingeniero, me cont\u00f3 esa an\u00e9cdota en alguna ocasi\u00f3n, ya que su amigo, cuando hizo favor de hacer el tr\u00e1mite de preinscripci\u00f3n, se le olvid\u00f3 a cu\u00e1l de ellas, y lo registr\u00f3 para la carrera de Medicina donde fue aceptado posteriormente.<br \/>\nCon el tiempo fue evidente que fue la mejor decisi\u00f3n de su vida, pues a trav\u00e9s de su trabajo en la Coordinaci\u00f3n de Donaci\u00f3n en nuestra instituci\u00f3n, logr\u00f3 junto con Evita, su fiel colaboradora, trasformar el dolor de muchos al perder inevitablemente a su ser querido, en una oportunidad de vida para otros.<br \/>\n\u00c9ste fue sin duda el mayor legado que deja a la sociedad: decenas de personas que lograron a trav\u00e9s de un trasplante en Veracruz y toda la Rep\u00fablica, tener una esperanza de sobrevivir.<br \/>\nTo\u00f1ito, c\u00f3mo le dec\u00edamos con afecto, se nos adelant\u00f3 en esta vida. Un hombre de compromiso, de nobleza, de responsabilidad\u2026 siento mucho la p\u00e9rdida del amigo, del colega, de esa gran persona que fue.<br \/>\nFinalmente su familia puede estar con la certeza que el Doctor dio lo mejor de \u00e9l a todos nosotros.<br \/>\nS\u00f3lo me queda agradecerle su gestos de bondad hacia sus semejantes.<br \/>\nDoctor Antonio Rodr\u00edguez Fern\u00e1ndez\u2026 Te extra\u00f1aremos!<\/p>\n","protected":false},"excerpt":{"rendered":"<p>Doctor Luis Enrique Hern\u00e1ndez Tuve la oportunidad de conocerlo hace algunos a\u00f1os, justamente en la Coordinaci\u00f3n de Donaci\u00f3n del Hospital de Alta Especialidad de Veracruz. Ten\u00eda poco de haberse jubilado de su alma mater en el IMSS. Oriundo de Naolinco, reflejaba en su rostro la cultura del esfuerzo durante toda su vida. Fue tambi\u00e9n profesor [&hellip;]<\/p>\n","protected":false},"author":2,"featured_media":65674,"comment_status":"open","ping_status":"open","sticky":false,"template":"","format":"standard","meta":{"_jetpack_newsletter_access":"","_jetpack_dont_email_post_to_subs":false,"_jetpack_newsletter_tier_id":0,"_jetpack_memberships_contains_paywalled_content":false,"_jetpack_memberships_contains_paid_content":false,"footnotes":""},"categories":[70],"tags":[9231,24610,3110,195],"class_list":["post-65673","post","type-post","status-publish","format-standard","has-post-thumbnail","hentry","category-de-opinion","tag-hospital-de-alta-especialidad-de-veracruz","tag-luis-enrique-hernandez","tag-medicina","tag-veracruz"],"jetpack_featured_media_url":"https:\/\/lospoliticosveracruz.com.mx\/wp-content\/uploads\/2020\/12\/Doctor-Fern\u00e1ndez.jpg","jetpack_sharing_enabled":true,"jetpack_shortlink":"https:\/\/wp.me\/p4Qcd3-h5f","_links":{"self":[{"href":"https:\/\/lospoliticosveracruz.com.mx\/index.php?rest_route=\/wp\/v2\/posts\/65673","targetHints":{"allow":["GET"]}}],"collection":[{"href":"https:\/\/lospoliticosveracruz.com.mx\/index.php?rest_route=\/wp\/v2\/posts"}],"about":[{"href":"https:\/\/lospoliticosveracruz.com.mx\/index.php?rest_route=\/wp\/v2\/types\/post"}],"author":[{"embeddable":true,"href":"https:\/\/lospoliticosveracruz.com.mx\/index.php?rest_route=\/wp\/v2\/users\/2"}],"replies":[{"embeddable":true,"href":"https:\/\/lospoliticosveracruz.com.mx\/index.php?rest_route=%2Fwp%2Fv2%2Fcomments&post=65673"}],"version-history":[{"count":1,"href":"https:\/\/lospoliticosveracruz.com.mx\/index.php?rest_route=\/wp\/v2\/posts\/65673\/revisions"}],"predecessor-version":[{"id":65675,"href":"https:\/\/lospoliticosveracruz.com.mx\/index.php?rest_route=\/wp\/v2\/posts\/65673\/revisions\/65675"}],"wp:featuredmedia":[{"embeddable":true,"href":"https:\/\/lospoliticosveracruz.com.mx\/index.php?rest_route=\/wp\/v2\/media\/65674"}],"wp:attachment":[{"href":"https:\/\/lospoliticosveracruz.com.mx\/index.php?rest_route=%2Fwp%2Fv2%2Fmedia&parent=65673"}],"wp:term":[{"taxonomy":"category","embeddable":true,"href":"https:\/\/lospoliticosveracruz.com.mx\/index.php?rest_route=%2Fwp%2Fv2%2Fcategories&post=65673"},{"taxonomy":"post_tag","embeddable":true,"href":"https:\/\/lospoliticosveracruz.com.mx\/index.php?rest_route=%2Fwp%2Fv2%2Ftags&post=65673"}],"curies":[{"name":"wp","href":"https:\/\/api.w.org\/{rel}","templated":true}]}}