{"id":65693,"date":"2020-12-20T15:33:03","date_gmt":"2020-12-20T21:33:03","guid":{"rendered":"http:\/\/www.lospoliticosveracruz.com.mx\/?p=65693"},"modified":"2020-12-20T15:33:03","modified_gmt":"2020-12-20T21:33:03","slug":"cumbre-tajin-virtual","status":"publish","type":"post","link":"https:\/\/lospoliticosveracruz.com.mx\/?p=65693","title":{"rendered":"Cumbre Taj\u00edn, virtual"},"content":{"rendered":"<p>Por la pandemia del coronavirus, la Cumbre Taj\u00edn del pr\u00f3ximo a\u00f1o ser\u00e1 de manera virtual, adelant\u00f3 la Secretaria de Turismo, X\u00f3chitl Arbes\u00fa Lago.\u00a0Para ello ya se negocia con grupos musicales.<br \/>\n\u00abHemos tenido acercamiento con varios de ellos, como te digo en conjunto con el Congreso, con algunos diputados y diputadas y estamos buscando c\u00f3mo apoyarlos, eso estamos intentando hacer, poder contratarlos para que se presenten despu\u00e9s, como te dec\u00eda, en Cumbre Taj\u00edn o en otro evento y puedan tener recursos\u00bb.<br \/>\nLa funcionaria estatal admiti\u00f3 que el sector art\u00edstico que normalmente en Navidad o fin de a\u00f1o eran muy requeridos, tambi\u00e9n est\u00e1n pasando por una mala situaci\u00f3n econ\u00f3mica, por ello es que recalc\u00f3, los estar\u00edan contratando por adelantado para que se presenten despu\u00e9s en los eventos y tengan recursos.<br \/>\nPor otra parte, Arbes\u00fa Lago resalt\u00f3 que durante la pandemia se han apoyado a los prestadores de servicio en temas de capacitaci\u00f3n, toda vez que no se hab\u00eda presentado la oportunidad de hacerlo de manera gratuita.<\/p>\n","protected":false},"excerpt":{"rendered":"<p>Por la pandemia del coronavirus, la Cumbre Taj\u00edn del pr\u00f3ximo a\u00f1o ser\u00e1 de manera virtual, adelant\u00f3 la Secretaria de Turismo, X\u00f3chitl Arbes\u00fa Lago.\u00a0Para ello ya se negocia con grupos musicales. \u00abHemos tenido acercamiento con varios de ellos, como te digo en conjunto con el Congreso, con algunos diputados y diputadas y estamos buscando c\u00f3mo apoyarlos, [&hellip;]<\/p>\n","protected":false},"author":2,"featured_media":0,"comment_status":"open","ping_status":"open","sticky":false,"template":"","format":"standard","meta":{"_jetpack_newsletter_access":"","_jetpack_dont_email_post_to_subs":false,"_jetpack_newsletter_tier_id":0,"_jetpack_memberships_contains_paywalled_content":false,"_jetpack_memberships_contains_paid_content":false,"footnotes":""},"categories":[6446],"tags":[2153,1815,12607],"class_list":["post-65693","post","type-post","status-publish","format-standard","hentry","category-la-nota","tag-cumbre-tajin","tag-secretaria-de-turismo","tag-xochitl-arbesu-lago"],"jetpack_featured_media_url":"","jetpack_sharing_enabled":true,"jetpack_shortlink":"https:\/\/wp.me\/p4Qcd3-h5z","_links":{"self":[{"href":"https:\/\/lospoliticosveracruz.com.mx\/index.php?rest_route=\/wp\/v2\/posts\/65693","targetHints":{"allow":["GET"]}}],"collection":[{"href":"https:\/\/lospoliticosveracruz.com.mx\/index.php?rest_route=\/wp\/v2\/posts"}],"about":[{"href":"https:\/\/lospoliticosveracruz.com.mx\/index.php?rest_route=\/wp\/v2\/types\/post"}],"author":[{"embeddable":true,"href":"https:\/\/lospoliticosveracruz.com.mx\/index.php?rest_route=\/wp\/v2\/users\/2"}],"replies":[{"embeddable":true,"href":"https:\/\/lospoliticosveracruz.com.mx\/index.php?rest_route=%2Fwp%2Fv2%2Fcomments&post=65693"}],"version-history":[{"count":1,"href":"https:\/\/lospoliticosveracruz.com.mx\/index.php?rest_route=\/wp\/v2\/posts\/65693\/revisions"}],"predecessor-version":[{"id":65694,"href":"https:\/\/lospoliticosveracruz.com.mx\/index.php?rest_route=\/wp\/v2\/posts\/65693\/revisions\/65694"}],"wp:attachment":[{"href":"https:\/\/lospoliticosveracruz.com.mx\/index.php?rest_route=%2Fwp%2Fv2%2Fmedia&parent=65693"}],"wp:term":[{"taxonomy":"category","embeddable":true,"href":"https:\/\/lospoliticosveracruz.com.mx\/index.php?rest_route=%2Fwp%2Fv2%2Fcategories&post=65693"},{"taxonomy":"post_tag","embeddable":true,"href":"https:\/\/lospoliticosveracruz.com.mx\/index.php?rest_route=%2Fwp%2Fv2%2Ftags&post=65693"}],"curies":[{"name":"wp","href":"https:\/\/api.w.org\/{rel}","templated":true}]}}