{"id":65732,"date":"2020-12-21T15:42:39","date_gmt":"2020-12-21T21:42:39","guid":{"rendered":"http:\/\/www.lospoliticosveracruz.com.mx\/?p=65732"},"modified":"2020-12-22T07:57:31","modified_gmt":"2020-12-22T13:57:31","slug":"naveda-y-arely","status":"publish","type":"post","link":"https:\/\/lospoliticosveracruz.com.mx\/?p=65732","title":{"rendered":"Naveda y Arely"},"content":{"rendered":"<p><strong>Salvador Mu\u00f1oz<\/strong><\/p>\n<p><em>Los Pol\u00edticos<\/em><\/p>\n<p><span style=\"font-weight: 400;\">En Coatepec, conforme pasa el tiempo, se asienta la candidatura por una curul en San L\u00e1zaro para Adri\u00e1n Gonz\u00e1lez Naveda, dejando atr\u00e1s las especulaciones de que pudiera buscar la reelecci\u00f3n Carmen Mora Garc\u00eda o que Juan Manuel Vel\u00e1zquez Yunes tuviera espacio para sus aspiraciones y ubicar este apellido en las entra\u00f1as de Morena, como lo est\u00e1 en el PRI, PAN, Verde y en el Efectos Especiales M\u00e9xico\u2026 \u00bfC\u00f3mo? \u00a1Ah, s\u00ed! Disculpen, me dej\u00e9 llevar por las siglas FX&#8230; es Fuerza por M\u00e9xico, con el Tato Vega Yunes.<\/span><\/p>\n<p>&nbsp;<a href=\"https:\/\/www.facebook.com\/notaria61veracruz\/\"><img decoding=\"async\" src=\"http:\/\/www.lospoliticosveracruz.com.mx\/wp-content\/uploads\/2020\/07\/CINTILLO-Armando.jpg\" alt=\"\" \/><\/a><\/p>\n<p><span style=\"font-weight: 400;\">El asunto para Morena en Coatepec se complica en la candidatura por la curul local, donde bajita la tenaza, podemos hablar de cuatro o hasta cinco contendientes, dependiendo ahora s\u00ed, de c\u00f3mo se den las cosas\u2026 los citamos: Nacho Luna, Luis Z\u00e1rate, Pablo \u00c1lvarez Delong, Mara Chama y Arely Bonilla.<\/span><\/p>\n<p><span style=\"font-weight: 400;\">En esta contienda por un lugar en el Palacio de Encanto hay dos ediles: el regidor Nacho Luna y la s\u00edndica Arely Bonilla.<\/span><\/p>\n<p><span style=\"font-weight: 400;\">Luis Z\u00e1rate viene siendo una carta que surge desde una esquina de palacio de Gobierno donde manda Bola 8, \u201csecretario de Turismo y Gobierno\u201d.<\/span><\/p>\n<p><span style=\"font-weight: 400;\">Pablo \u00c1lvarez Delong es baraja de Vicente Aguilar Aguilar, representante del PT en Veracruz.<\/span><\/p>\n<p><span style=\"font-weight: 400;\">Mara Chama es la alternativa que tiene la misma Mara Chama porque a pesar de que busc\u00f3 el cobijo del \u201csecretario de Turismo\u201d, Bola 8, para buscar la alcald\u00eda de Teocelo donde ahora gobierna su padre, ser\u00eda la segunda dama que el Gobernador veta (de los vetos que se saben) como aspirante a la alcald\u00eda de su terru\u00f1o\u2026 la otra es Ana Miriam Ferr\u00e1ez. De la primera, creemos que hay una raz\u00f3n simple: por la facilidad que tuvo Mario Chama para transitar entre Duarte y Yunes as\u00ed como con Morena v\u00eda Bola 8, que no Cuitl\u00e1huac Garc\u00eda; en el caso de la diputada local, el veto obedece a un caso que en su momento, ha de contarse\u2026 ahora hablamos del distrito de Coatepec.<\/span><\/p>\n<p><span style=\"font-weight: 400;\">En la alcald\u00eda de Teocelo, Morena apuesta a su gente, en este caso Isaac Anell Reyes, quien sin un solo peso, contendi\u00f3 en la pasada elecci\u00f3n para alcalde y por un m\u00ednimo margen, se la llev\u00f3 Mario Chama, quien le invirti\u00f3 a su campa\u00f1a. Por otro lado, un tema en la campa\u00f1a del Gobernador, fue el \u201cNo a la Monarqu\u00eda\u201d y de cierto modo, as\u00ed se ve el solo imaginar la postulaci\u00f3n de Mara por la presidencia municipal.<\/span><\/p>\n<p><span style=\"font-weight: 400;\">Agreguemos que en el caso de \u00c1lvarez Delong como en el empleado de Bola 8, Luis Z\u00e1rate, la apuesta tanto de Vicente Aguilar Aguilar como del \u201csecretario de Turismo\u201d, es \u201ccolocar\u201d a sus \u201caspirantes\u201d al por mayor para que a la hora de llegar a la mesa de los acuerdos, negociar las cartas. Un ejemplo en el caso del PT ser\u00eda: bajar su carta \u00c1lvarez Delong pero pedir mano en Alto Lucero para que fuera el hijo de Vicente, Luis Aguilar\u00a0 Castillo, como candidato a la alcald\u00eda. En el caso de Bola 8, sacrificar sus peones en Coatepec para que avancen sus alfiles en otros lados\u2026 o en otros cargos.<\/span><\/p>\n<p><span style=\"font-weight: 400;\">Hay que tomar en cuenta parte relevante del proceso electoral que se avecina: La paridad de g\u00e9nero.<\/span><\/p>\n<p><span style=\"font-weight: 400;\">Si damos por buena la idea con que se abre esta opini\u00f3n, de que el candidato por la curul de San L\u00e1zaro es Adri\u00e1n Gonz\u00e1lez Naveda, uno supone que debe haber m\u00ednimo, un espacio para las mujeres que estar\u00eda entre la curul y la presidencia municipal, aunque en este caso, casi no se han escuchado damas para ocupar el cargo que hoy ostenta Luis Enrique Fern\u00e1ndez Peredo\u2026 lo que en una f\u00e1cil suposici\u00f3n, se le estar\u00eda abriendo la oportunidad a Arely Bonilla para lograr la candidatura, aunque a\u00fan no hay nada escrito, con excepci\u00f3n de esta columna.\u00a0<\/span><\/p>\n<p><span style=\"font-weight: 400;\">smcainito@gmail.com<\/span><\/p>\n<p>&nbsp;<\/p>\n","protected":false},"excerpt":{"rendered":"<p>Salvador Mu\u00f1oz Los Pol\u00edticos En Coatepec, conforme pasa el tiempo, se asienta la candidatura por una curul en San L\u00e1zaro para Adri\u00e1n Gonz\u00e1lez Naveda, dejando atr\u00e1s las especulaciones de que pudiera buscar la reelecci\u00f3n Carmen Mora Garc\u00eda o que Juan Manuel Vel\u00e1zquez Yunes tuviera espacio para sus aspiraciones y ubicar este apellido en las entra\u00f1as [&hellip;]<\/p>\n","protected":false},"author":2,"featured_media":0,"comment_status":"open","ping_status":"open","sticky":false,"template":"","format":"standard","meta":{"_jetpack_newsletter_access":"","_jetpack_dont_email_post_to_subs":false,"_jetpack_newsletter_tier_id":0,"_jetpack_memberships_contains_paywalled_content":false,"_jetpack_memberships_contains_paid_content":false,"footnotes":""},"categories":[70],"tags":[18598,19119,15946,12675,277,24637,1080,24639,24641,1026,24638,24640,2646,249,20254],"class_list":["post-65732","post","type-post","status-publish","format-standard","hentry","category-de-opinion","tag-adrian-gonzalez-naveda","tag-arely-bonilla","tag-bola-8","tag-carmen-mora-garcia","tag-coatepec","tag-fuerza-por-mexico","tag-juan-manuel-velazquez-yunes","tag-luis-zarate","tag-mara-chama","tag-morena","tag-nacho-luna","tag-pablo-alvarez-delong","tag-salvador-munoz","tag-tato-vega-yunes","tag-vicente-aguilar-aguilar"],"jetpack_featured_media_url":"","jetpack_sharing_enabled":true,"jetpack_shortlink":"https:\/\/wp.me\/p4Qcd3-h6c","_links":{"self":[{"href":"https:\/\/lospoliticosveracruz.com.mx\/index.php?rest_route=\/wp\/v2\/posts\/65732","targetHints":{"allow":["GET"]}}],"collection":[{"href":"https:\/\/lospoliticosveracruz.com.mx\/index.php?rest_route=\/wp\/v2\/posts"}],"about":[{"href":"https:\/\/lospoliticosveracruz.com.mx\/index.php?rest_route=\/wp\/v2\/types\/post"}],"author":[{"embeddable":true,"href":"https:\/\/lospoliticosveracruz.com.mx\/index.php?rest_route=\/wp\/v2\/users\/2"}],"replies":[{"embeddable":true,"href":"https:\/\/lospoliticosveracruz.com.mx\/index.php?rest_route=%2Fwp%2Fv2%2Fcomments&post=65732"}],"version-history":[{"count":2,"href":"https:\/\/lospoliticosveracruz.com.mx\/index.php?rest_route=\/wp\/v2\/posts\/65732\/revisions"}],"predecessor-version":[{"id":65754,"href":"https:\/\/lospoliticosveracruz.com.mx\/index.php?rest_route=\/wp\/v2\/posts\/65732\/revisions\/65754"}],"wp:attachment":[{"href":"https:\/\/lospoliticosveracruz.com.mx\/index.php?rest_route=%2Fwp%2Fv2%2Fmedia&parent=65732"}],"wp:term":[{"taxonomy":"category","embeddable":true,"href":"https:\/\/lospoliticosveracruz.com.mx\/index.php?rest_route=%2Fwp%2Fv2%2Fcategories&post=65732"},{"taxonomy":"post_tag","embeddable":true,"href":"https:\/\/lospoliticosveracruz.com.mx\/index.php?rest_route=%2Fwp%2Fv2%2Ftags&post=65732"}],"curies":[{"name":"wp","href":"https:\/\/api.w.org\/{rel}","templated":true}]}}