{"id":65736,"date":"2020-12-21T16:04:34","date_gmt":"2020-12-21T22:04:34","guid":{"rendered":"http:\/\/www.lospoliticosveracruz.com.mx\/?p=65736"},"modified":"2020-12-21T16:04:34","modified_gmt":"2020-12-21T22:04:34","slug":"detencion-de-abel-asunto-politico-chucho-vazquez","status":"publish","type":"post","link":"https:\/\/lospoliticosveracruz.com.mx\/?p=65736","title":{"rendered":"Detenci\u00f3n de Abel, asunto pol\u00edtico: Chucho V\u00e1zquez"},"content":{"rendered":"<p>&nbsp;<\/p>\n<p>El dirigente estatal del partido \u00abTodos por Veracruz\u00bb, Jes\u00fas V\u00e1zquez, asegur\u00f3 que la detenci\u00f3n de su hermana Abel \u00abN\u00bb el pasado fin de semana en San Juan Evangelista obedece a cuestiones pol\u00edticas, por lo que este martes presentar\u00e1 denuncia ante la Fiscal\u00eda general del estado, en contra del alcalde de San Juan Evangelista, Andr\u00e9s Valencia R\u00edos, por posible quebranto financiero.<br \/>\n\u00abSe trata de una cuesti\u00f3n pol\u00edtica, y por eso vamos a presentar la denuncia correspondiente\u00bb.<br \/>\nEn entrevista en el congreso local, Jes\u00fas V\u00e1zquez, precis\u00f3 que la detenci\u00f3n de su hermano Abel \u00abN\u00bb es frenar sus aspiraciones por la alcald\u00eda de San Juan Evangelista.<br \/>\nJes\u00fas V\u00e1squez narr\u00f3 que el s\u00e1bado pasado, su hermano, fue notificado que la Fuerza Civil \u2013aparentemente sin raz\u00f3n- hab\u00eda detenido a sus sobrinos, y su hermano se traslad\u00f3 a seguir la patrulla, y los iba grabando con su celular, porque no le dec\u00edan a d\u00f3nde se les llevaba. Pero en el trayecto, se le acerc\u00f3 una patrulla de Fuerza Civil por atr\u00e1s, y le empez\u00f3 a disparar, \u00e9l busc\u00f3 resguardarse en la Ganadera de Sayula de Alem\u00e1n \u201cy ah\u00ed lo detuvieron, con violencia, le rompieron una costilla\u00bb.<br \/>\nAbel \u00abN\u00bb se encuentra recluido en un penal de la zona sur.<\/p>\n","protected":false},"excerpt":{"rendered":"<p>&nbsp; El dirigente estatal del partido \u00abTodos por Veracruz\u00bb, Jes\u00fas V\u00e1zquez, asegur\u00f3 que la detenci\u00f3n de su hermana Abel \u00abN\u00bb el pasado fin de semana en San Juan Evangelista obedece a cuestiones pol\u00edticas, por lo que este martes presentar\u00e1 denuncia ante la Fiscal\u00eda general del estado, en contra del alcalde de San Juan Evangelista, Andr\u00e9s [&hellip;]<\/p>\n","protected":false},"author":2,"featured_media":65737,"comment_status":"open","ping_status":"open","sticky":false,"template":"","format":"standard","meta":{"_jetpack_newsletter_access":"","_jetpack_dont_email_post_to_subs":false,"_jetpack_newsletter_tier_id":0,"_jetpack_memberships_contains_paywalled_content":false,"_jetpack_memberships_contains_paid_content":false,"footnotes":""},"categories":[6446],"tags":[24645,4116,470,4328,24644,24646,16226],"class_list":["post-65736","post","type-post","status-publish","format-standard","has-post-thumbnail","hentry","category-la-nota","tag-detenido","tag-fiscalia-general-del-estado","tag-fuerza-civil","tag-jesus-vazquez","tag-quebranto-financiero","tag-recluido-en-un-penal-de-la-zona-sur","tag-todos-por-veracruz"],"jetpack_featured_media_url":"https:\/\/lospoliticosveracruz.com.mx\/wp-content\/uploads\/2020\/12\/Chucho-V\u00e1zquez.jpg","jetpack_sharing_enabled":true,"jetpack_shortlink":"https:\/\/wp.me\/p4Qcd3-h6g","_links":{"self":[{"href":"https:\/\/lospoliticosveracruz.com.mx\/index.php?rest_route=\/wp\/v2\/posts\/65736","targetHints":{"allow":["GET"]}}],"collection":[{"href":"https:\/\/lospoliticosveracruz.com.mx\/index.php?rest_route=\/wp\/v2\/posts"}],"about":[{"href":"https:\/\/lospoliticosveracruz.com.mx\/index.php?rest_route=\/wp\/v2\/types\/post"}],"author":[{"embeddable":true,"href":"https:\/\/lospoliticosveracruz.com.mx\/index.php?rest_route=\/wp\/v2\/users\/2"}],"replies":[{"embeddable":true,"href":"https:\/\/lospoliticosveracruz.com.mx\/index.php?rest_route=%2Fwp%2Fv2%2Fcomments&post=65736"}],"version-history":[{"count":1,"href":"https:\/\/lospoliticosveracruz.com.mx\/index.php?rest_route=\/wp\/v2\/posts\/65736\/revisions"}],"predecessor-version":[{"id":65738,"href":"https:\/\/lospoliticosveracruz.com.mx\/index.php?rest_route=\/wp\/v2\/posts\/65736\/revisions\/65738"}],"wp:featuredmedia":[{"embeddable":true,"href":"https:\/\/lospoliticosveracruz.com.mx\/index.php?rest_route=\/wp\/v2\/media\/65737"}],"wp:attachment":[{"href":"https:\/\/lospoliticosveracruz.com.mx\/index.php?rest_route=%2Fwp%2Fv2%2Fmedia&parent=65736"}],"wp:term":[{"taxonomy":"category","embeddable":true,"href":"https:\/\/lospoliticosveracruz.com.mx\/index.php?rest_route=%2Fwp%2Fv2%2Fcategories&post=65736"},{"taxonomy":"post_tag","embeddable":true,"href":"https:\/\/lospoliticosveracruz.com.mx\/index.php?rest_route=%2Fwp%2Fv2%2Ftags&post=65736"}],"curies":[{"name":"wp","href":"https:\/\/api.w.org\/{rel}","templated":true}]}}