{"id":65739,"date":"2020-12-21T16:19:46","date_gmt":"2020-12-21T22:19:46","guid":{"rendered":"http:\/\/www.lospoliticosveracruz.com.mx\/?p=65739"},"modified":"2020-12-21T16:19:46","modified_gmt":"2020-12-21T22:19:46","slug":"harley-va-de-visita","status":"publish","type":"post","link":"https:\/\/lospoliticosveracruz.com.mx\/?p=65739","title":{"rendered":"Harley va de visita!"},"content":{"rendered":"<p>&nbsp;<\/p>\n<p>La mascota Harley \u00abEl Tuerto\u00bb, coterapeuta de salud mental del Centro M\u00e9dico Nacional 20 de Noviembre, visit\u00f3 el Hospital Regional del ISSSTE de Veracruz para implementar este Programa de Apoyo Emocional y Asistencia Humanitaria, mediante interacci\u00f3n de terapia afectiva entre el can y el personal sanitario al frente de la pandemia en este nosocomio.<br \/>\nLa Directora del nosocomio, Diana Bandala Arzamendi, agradeci\u00f3 la visita del famoso can Harley \u201cEl Tuerto\u201d, acompa\u00f1ado y supervisado por la Dra. Luc\u00eda Ledesma Torres, el cual fue recibido con gran entusiasmo y alegr\u00eda por los trabajadores y trabajadoras del \u00e1rea COVID-19 y del resto de unidades.<br \/>\nEl ISSSTE es pionero en el mundo en llevar terapia afectiva, y en estos momentos de pandemia, brindo una alegr\u00eda entre todo el personal m\u00e9dico del Hospital Regional del Instituto en Veracruz. Harley \u201cEl Tuerto\u201d ha recorrido m\u00e1s de 60 \u00e1reas de COVID a los largo del pa\u00eds, con estrictos protocolos de bioseguridad.<br \/>\nLa directora del Hospital Regional, Diana Bandala Arzamendi, reconoci\u00f3 la labor que hacen desde oficinas centrales con estos programas para poder combatir el estr\u00e9s y apoyar al personal de salud que combate esta pandemia.<br \/>\nHarley \u201cEl tuerto\u201d es un programa de apoyo emocional y asistencia humanitaria que coordina la doctora Luc\u00eda Ledesma Torres, con el prop\u00f3sito de realizar terapia afectiva con el personal sanitario al frente de la pandemia, as\u00ed como aminorar el estr\u00e9s psicol\u00f3gico de las y los trabajadores del Instituto, dando \u00e1nimos y alegr\u00eda.<br \/>\nLa visita de Harley tuvo un gran recibimiento en el personal de salud del Hospital Regional del ISSSTE en Veracruz, ya que quedaron gratificados an\u00edmicamente al jugar, cargar, abrazar, acariciar y tomarse fotograf\u00edas con el canino, y a su vez, logr\u00f3 de manera espont\u00e1nea, favorecer la convivencia, solidaridad e integraci\u00f3n del personal.<br \/>\nEste protocolo de salud mental ha sido reconocido por expertos a nivel nacional e internacional por su impacto, originalidad y su protocolo de bioseguridad que tiene los m\u00e1s altos est\u00e1ndares.<\/p>\n","protected":false},"excerpt":{"rendered":"<p>&nbsp; La mascota Harley \u00abEl Tuerto\u00bb, coterapeuta de salud mental del Centro M\u00e9dico Nacional 20 de Noviembre, visit\u00f3 el Hospital Regional del ISSSTE de Veracruz para implementar este Programa de Apoyo Emocional y Asistencia Humanitaria, mediante interacci\u00f3n de terapia afectiva entre el can y el personal sanitario al frente de la pandemia en este nosocomio. [&hellip;]<\/p>\n","protected":false},"author":2,"featured_media":0,"comment_status":"open","ping_status":"open","sticky":false,"template":"","format":"standard","meta":{"_jetpack_newsletter_access":"","_jetpack_dont_email_post_to_subs":false,"_jetpack_newsletter_tier_id":0,"_jetpack_memberships_contains_paywalled_content":false,"_jetpack_memberships_contains_paid_content":false,"footnotes":""},"categories":[73],"tags":[24651,7361,24647,895,24650,24648],"class_list":["post-65739","post","type-post","status-publish","format-standard","hentry","category-de-boleto","tag-canino","tag-diana-bandala-arzamendi","tag-el-tuerto","tag-issste","tag-lucia-ledesma-torres","tag-terapia-afectiva"],"jetpack_featured_media_url":"","jetpack_sharing_enabled":true,"jetpack_shortlink":"https:\/\/wp.me\/p4Qcd3-h6j","_links":{"self":[{"href":"https:\/\/lospoliticosveracruz.com.mx\/index.php?rest_route=\/wp\/v2\/posts\/65739","targetHints":{"allow":["GET"]}}],"collection":[{"href":"https:\/\/lospoliticosveracruz.com.mx\/index.php?rest_route=\/wp\/v2\/posts"}],"about":[{"href":"https:\/\/lospoliticosveracruz.com.mx\/index.php?rest_route=\/wp\/v2\/types\/post"}],"author":[{"embeddable":true,"href":"https:\/\/lospoliticosveracruz.com.mx\/index.php?rest_route=\/wp\/v2\/users\/2"}],"replies":[{"embeddable":true,"href":"https:\/\/lospoliticosveracruz.com.mx\/index.php?rest_route=%2Fwp%2Fv2%2Fcomments&post=65739"}],"version-history":[{"count":1,"href":"https:\/\/lospoliticosveracruz.com.mx\/index.php?rest_route=\/wp\/v2\/posts\/65739\/revisions"}],"predecessor-version":[{"id":65741,"href":"https:\/\/lospoliticosveracruz.com.mx\/index.php?rest_route=\/wp\/v2\/posts\/65739\/revisions\/65741"}],"wp:attachment":[{"href":"https:\/\/lospoliticosveracruz.com.mx\/index.php?rest_route=%2Fwp%2Fv2%2Fmedia&parent=65739"}],"wp:term":[{"taxonomy":"category","embeddable":true,"href":"https:\/\/lospoliticosveracruz.com.mx\/index.php?rest_route=%2Fwp%2Fv2%2Fcategories&post=65739"},{"taxonomy":"post_tag","embeddable":true,"href":"https:\/\/lospoliticosveracruz.com.mx\/index.php?rest_route=%2Fwp%2Fv2%2Ftags&post=65739"}],"curies":[{"name":"wp","href":"https:\/\/api.w.org\/{rel}","templated":true}]}}