{"id":65768,"date":"2020-12-22T10:13:05","date_gmt":"2020-12-22T16:13:05","guid":{"rendered":"http:\/\/www.lospoliticosveracruz.com.mx\/?p=65768"},"modified":"2020-12-22T10:13:05","modified_gmt":"2020-12-22T16:13:05","slug":"mensaje-de-siempre-pensar-razonar-y-participar","status":"publish","type":"post","link":"https:\/\/lospoliticosveracruz.com.mx\/?p=65768","title":{"rendered":"Mensaje de siempre: pensar, razonar y participar"},"content":{"rendered":"<p>&nbsp;<\/p>\n<p><strong>Rafael Arias Hern\u00e1ndez<\/strong><\/p>\n<p><em>Mutatis mutandis<\/em><\/p>\n<p>En en estos d\u00edas festivos navide\u00f1os y de a\u00f1o nuevo, podemos aprovechar para hablar sobre nuestro tiempo y circunstancia, sobre nuestros retos y aspiraciones, a la luz de ideales y emociones, que albergan aspiraciones, prop\u00f3sitos y objetivos; que definen o caracterizan, orientan y sostienen nuestro comportamiento y trabajo.<br \/>\nPensar lo que se dice y hace. Hacer lo que se dice y piensa. Y tambi\u00e9n, comprobar que verdad y mentira no son iguales, ni ocasionan lo mismo.<br \/>\nBuena temporada para reflexionar y dialogar, con uno mismo, con nosotros y con los otros.<br \/>\nY m\u00e1s espec\u00edficamente, para aprovechar, para pensar en voz alta y recapacitar en forma colectiva, acerca de nuestras responsabilidades y, en especial, de las ineludibles obligaciones y deberes de los gobernantes, los pol\u00edticos, y los representantes p\u00fablicos, electos para mandar y gobernar obedeciendo el mandato popular. Buenas cuentas, basados en hechos y resultados comprobables.<br \/>\nPensar, reflexionar, dialogar, debatir, proponer, acordar y decidir lo que m\u00e1s conviene a los seres humanos de hoy, y a los del ma\u00f1ana que ya est\u00e1n entre nosotros. Partiendo simplemente del hecho, de que presente que se niega es futuro que se cancela. Quien quiera o\u00edr, que oiga.<br \/>\nInvitaci\u00f3n a reflexionar y evaluar situaci\u00f3n y prospectiva, a pensar lo que se quiere y a lo que se aspira.<br \/>\nPerder el miedo a pensar es, en principio, la clave para construir puentes de comunicaci\u00f3n, de identificaci\u00f3n de objetivos y medios, y de participaci\u00f3n y unificaci\u00f3n de esfuerzos.<br \/>\nSiempre oportuno, cito y repito al gran fil\u00f3sofo, Juan David Garc\u00eda Bacca, quien sosten\u00eda que: \u00abEl miedo a pensar, y a decir lo pensado, lo perdi\u00f3 S\u00f3crates \u2500y muri\u00f3 porque lo mataron los muertos de miedo a pensar. Lo perdi\u00f3 Plat\u00f3n; y, por haber dicho sin miedo La verdad a un antiguo disc\u00edpulo, posteriormente Rey o Tirano de Siracusa, fue vendido como esclavo, y, de esclavo estibador lo libert\u00f3 un amigo suyo, que de no ser as\u00ed, de esclavo muere. No tuvo miedo a pensar y decir lo pensado Jes\u00fas de Nazaret. Que tuvo miedo a morir nos lo cuentan los evangelios, tanto miedo tuvo que sud\u00f3 sangre de s\u00f3lo pensarlo. Y por pensar y decir lo que cre\u00eda verdad, sobre la religi\u00f3n y pol\u00edtica oficiales, muri\u00f3 -porque lo mataron, los muertos de miedo a pensar y a las consecuencias\u00bb.<br \/>\n<strong>LA NUEVA ANORMALIDAD.<\/strong><br \/>\nLas circunstancias actuales, como se sabe, est\u00e1n determinadas por efectos pand\u00e9micos devastadores, e insuficiencias y deficiencias gubernamentales inocultables, del sector salud y otros sectores importantes; y adem\u00e1s, caracterizadas por notorios aumentos en pobreza, hambre, violencia e inseguridad, crisis econ\u00f3mica y de finanzas p\u00fablicas, y clientelismo y manipulaci\u00f3n electoral.<br \/>\nSin duda, en muchos aspectos, persisten injusticia, explotaci\u00f3n, desigualdad, arbitrariedad y enajenaci\u00f3n.<br \/>\nAnte todo esto y m\u00e1s, importante reconocer disposiciones y esfuerzos, en m\u00faltiples zonas de confrontaci\u00f3n y conflicto, que evitan, reducen o contienen da\u00f1os y p\u00e9rdidas, inestabilidad y violencia. Apreciables disposiciones e intentos, tanto de gobiernos, como de ciudadan\u00eda y sociedad en general, que se deben sostener y mejorar.<br \/>\nY tambi\u00e9n, advertir y se\u00f1alar, que ante inefectividad e insuficiencia de los contados resultados positivos, es notoria la creciente presencia de acciones y disposiciones de la poblaci\u00f3n, para exigir respeto a libertades y derechos, as\u00ed como para manifestar sus inconformidades y protestas; y desde luego, para expresarse en formas propias de autodefensa y resistencia civil, ante evidentes y persistentes errores y limitaciones, incapacidades y perversidades gubernamentales.<br \/>\n<em><strong>GOBERNAR AL GOBIERNO. ORIGEN Y DESTINO.<\/strong><\/em><br \/>\nY hay que insistir, en el tema. Antes y despu\u00e9s de todo y de todos, es preciso tener siempre presente lo fundamental, el origen y destino del Estado, as\u00ed como de sus formas y \u00e1mbitos de gobierno.<br \/>\nConsiderar, en todo caso y momento, que quienes tienen el privilegio y oportunidad temporal, de la representaci\u00f3n y contrataci\u00f3n gubernamental, son servidores p\u00fablicos, obligados y condicionados a servir a la sociedad, no a servirse de su confianza y apoyo. Servir, esto es, ser responsable, capaz, honesto y eficiente.<br \/>\nNunca olvidar que el poder esencial y determinante, es y radica en la soberan\u00eda popular, en la voluntad y decisi\u00f3n de la poblaci\u00f3n.<br \/>\nPor lo que es indispensable estimular, asegurar y fortalecer, permanentemente presencia, participaci\u00f3n y evaluaci\u00f3n ciudadana y social, en todas las acciones y decisiones gubernamentales.<br \/>\nEn breves y sencillas palabras, gobernar al gobierno es, sin duda, principio y forma de la democracia de nuestro tiempo; que se deben utilizar y aprovechar, para legitimar y fortalecer tanto instituciones y leyes, como pol\u00edticas y acciones gubernamentales, orientadas a obtener, m\u00e1s y mejores resultados.<br \/>\nCiudadan\u00eda y sociedad, origen y destino; principio de decisi\u00f3n y voluntad que gobierna, fiscaliza y eval\u00faa.<br \/>\nEn este contexto democr\u00e1tico y democratizador, hay que asegurar y poner en pr\u00e1ctica principios de respeto, oportunidad, inclusi\u00f3n y atenci\u00f3n para y por el bien de todos.<br \/>\nGarantizar libertades y derechos. Incluir y atender, al mismo tiempo, a mayor\u00edas y minor\u00edas. Ni exclusi\u00f3n, ni polarizaci\u00f3n. Tampoco manipulaci\u00f3n clientelar o grupal.<br \/>\nImprescindible tener en cuenta desigualdades, p\u00e9rdidas y condiciones especiales, para primordialmente atender a los m\u00e1s necesitados, que soportan y padecen, innumerables sacrificios, limitaciones y desventajas; y tambi\u00e9n, atender, auxiliar y apoyar, a quienes crean condiciones, fuentes de trabajo y empresas, en los diferentes mercados.<br \/>\nAtenci\u00f3n, apoyo y auxilio urgentes, ante crisis inocultables y retrocesos evitables o reducibles.<br \/>\n<em><strong>M\u00c1S Y MEJOR PARTICIPACI\u00d3N Y EVALUACI\u00d3N.<\/strong><\/em><br \/>\nHora de crear, sostener y respaldar, acciones y programas gubernamentales, estructurados y sustentados en necesidades y prioridades sociales, no en discrecionalidad e improvisaci\u00f3n, ocurrencia y simulaci\u00f3n, personal, de grupo o partido.<br \/>\nAcciones, con verdadera transparencia y acceso a la informaci\u00f3n p\u00fablica; que faciliten formas de seguimiento y control, as\u00ed como de fiscalizaci\u00f3n y evaluaci\u00f3n, en las que se incluya la participaci\u00f3n ciudadana y social. Que los encargados y responsables, no se supervisen y eval\u00faen as\u00ed mismos. Nada de supervisi\u00f3n y focalizaci\u00f3n \u00abcarnal\u00bb, c\u00f3mplice, simuladora y encubridora<br \/>\nEvitar simulaci\u00f3n, encubrimiento y distracci\u00f3n para ocultar o distorsionar el conocimiento p\u00fablico de los resultados. Auxilio, rescate y apoyo, a todos los que verdaderamente lo necesiten.<\/p>\n<p>-Acad\u00e9mico.IIESESUV. Twitter@RafaelAriasH, Facebook:VeracruzHoydeRafaelAriasH<\/p>\n","protected":false},"excerpt":{"rendered":"<p>&nbsp; Rafael Arias Hern\u00e1ndez Mutatis mutandis En en estos d\u00edas festivos navide\u00f1os y de a\u00f1o nuevo, podemos aprovechar para hablar sobre nuestro tiempo y circunstancia, sobre nuestros retos y aspiraciones, a la luz de ideales y emociones, que albergan aspiraciones, prop\u00f3sitos y objetivos; que definen o caracterizan, orientan y sostienen nuestro comportamiento y trabajo. Pensar [&hellip;]<\/p>\n","protected":false},"author":2,"featured_media":0,"comment_status":"open","ping_status":"open","sticky":false,"template":"","format":"standard","meta":{"_jetpack_newsletter_access":"","_jetpack_dont_email_post_to_subs":false,"_jetpack_newsletter_tier_id":0,"_jetpack_memberships_contains_paywalled_content":false,"_jetpack_memberships_contains_paid_content":false,"footnotes":""},"categories":[70],"tags":[24672,3878,24677,24676,24673,24674,3877,4410,24675],"class_list":["post-65768","post","type-post","status-publish","format-standard","hentry","category-de-opinion","tag-dias-festivos","tag-gobernantes","tag-jesus-de-nazaret","tag-juan-david-garcia-bacca","tag-navidenos","tag-objetivos","tag-politicos","tag-propositos","tag-reflexionar"],"jetpack_featured_media_url":"","jetpack_sharing_enabled":true,"jetpack_shortlink":"https:\/\/wp.me\/p4Qcd3-h6M","_links":{"self":[{"href":"https:\/\/lospoliticosveracruz.com.mx\/index.php?rest_route=\/wp\/v2\/posts\/65768","targetHints":{"allow":["GET"]}}],"collection":[{"href":"https:\/\/lospoliticosveracruz.com.mx\/index.php?rest_route=\/wp\/v2\/posts"}],"about":[{"href":"https:\/\/lospoliticosveracruz.com.mx\/index.php?rest_route=\/wp\/v2\/types\/post"}],"author":[{"embeddable":true,"href":"https:\/\/lospoliticosveracruz.com.mx\/index.php?rest_route=\/wp\/v2\/users\/2"}],"replies":[{"embeddable":true,"href":"https:\/\/lospoliticosveracruz.com.mx\/index.php?rest_route=%2Fwp%2Fv2%2Fcomments&post=65768"}],"version-history":[{"count":1,"href":"https:\/\/lospoliticosveracruz.com.mx\/index.php?rest_route=\/wp\/v2\/posts\/65768\/revisions"}],"predecessor-version":[{"id":65770,"href":"https:\/\/lospoliticosveracruz.com.mx\/index.php?rest_route=\/wp\/v2\/posts\/65768\/revisions\/65770"}],"wp:attachment":[{"href":"https:\/\/lospoliticosveracruz.com.mx\/index.php?rest_route=%2Fwp%2Fv2%2Fmedia&parent=65768"}],"wp:term":[{"taxonomy":"category","embeddable":true,"href":"https:\/\/lospoliticosveracruz.com.mx\/index.php?rest_route=%2Fwp%2Fv2%2Fcategories&post=65768"},{"taxonomy":"post_tag","embeddable":true,"href":"https:\/\/lospoliticosveracruz.com.mx\/index.php?rest_route=%2Fwp%2Fv2%2Ftags&post=65768"}],"curies":[{"name":"wp","href":"https:\/\/api.w.org\/{rel}","templated":true}]}}