{"id":65821,"date":"2020-12-23T14:15:03","date_gmt":"2020-12-23T20:15:03","guid":{"rendered":"http:\/\/www.lospoliticosveracruz.com.mx\/?p=65821"},"modified":"2020-12-23T14:15:03","modified_gmt":"2020-12-23T20:15:03","slug":"merry-migras","status":"publish","type":"post","link":"https:\/\/lospoliticosveracruz.com.mx\/?p=65821","title":{"rendered":"Merry Migras!"},"content":{"rendered":"<p>El investigador de la Universidad Veracruzana, Rafael Arias Hern\u00e1ndez, estim\u00f3 que para cerrar el a\u00f1o, Veracruz recibir\u00e1  alrededor mil 600 millones de d\u00f3lares de remesas provenientes de Estados Unidos.<br \/>\n\u00abVeracruz anda entre 4 y 5 por ciento m\u00e1s,  m\u00e1s o menos en mil 600 millones de d\u00f3lares para Veracruz\u00bb, destac\u00f3 .<br \/>\nEn ese sentido, Arias Hern\u00e1ndez, precis\u00f3 que las remesas ser\u00e1n de veracruzanos oriundos de los municipios de  Xalapa, Veracruz y Poza Rica, que son donde se pueden hacer las operaciones con m\u00e1s seguridad y confianza.<br \/>\n\u00abPero lo m\u00e1s importante es que esos lugares donde pueden hacer los gastos, los ahorros y lo m\u00e1s importante es que es un programa de los pobres para los pobres\u00bb<br \/>\nEl acad\u00e9mico recalc\u00f3 que es muy importante decir que los que se van a Estados Unidos es porque los gobiernos no han logrado consolidar pol\u00edticas econ\u00f3micas que los ayuden a quedarse.<br \/>\nHay que referir las remesas enviadas a M\u00e9xico desde Estados Unidos tuvieron un auge en medio de la recesi\u00f3n econ\u00f3mica provocada por la pandemia de covid-19.<br \/>\nEstados como  Oaxaca con  189 municipios presentaron alzas de m\u00e1s de 100 por ciento en el monto de d\u00f3lares recibidos por remesas, mientras que en Puebla, Veracruz y Chiapas se registraron 67, 65 y 48 alcald\u00edas, respectivamente, con este incremento en la recepci\u00f3n de dinero desde Estados Unidos.<\/p>\n","protected":false},"excerpt":{"rendered":"<p>El investigador de la Universidad Veracruzana, Rafael Arias Hern\u00e1ndez, estim\u00f3 que para cerrar el a\u00f1o, Veracruz recibir\u00e1 alrededor mil 600 millones de d\u00f3lares de remesas provenientes de Estados Unidos. \u00abVeracruz anda entre 4 y 5 por ciento m\u00e1s, m\u00e1s o menos en mil 600 millones de d\u00f3lares para Veracruz\u00bb, destac\u00f3 . En ese sentido, Arias [&hellip;]<\/p>\n","protected":false},"author":2,"featured_media":0,"comment_status":"open","ping_status":"open","sticky":false,"template":"","format":"standard","meta":{"_jetpack_newsletter_access":"","_jetpack_dont_email_post_to_subs":false,"_jetpack_newsletter_tier_id":0,"_jetpack_memberships_contains_paywalled_content":false,"_jetpack_memberships_contains_paid_content":false,"footnotes":""},"categories":[6446],"tags":[24712,24711,3453,8032,2018,172],"class_list":["post-65821","post","type-post","status-publish","format-standard","hentry","category-la-nota","tag-dolares","tag-investigador","tag-migrantes","tag-rafael-arias-hernandez","tag-remesas","tag-uv"],"jetpack_featured_media_url":"","jetpack_sharing_enabled":true,"jetpack_shortlink":"https:\/\/wp.me\/p4Qcd3-h7D","_links":{"self":[{"href":"https:\/\/lospoliticosveracruz.com.mx\/index.php?rest_route=\/wp\/v2\/posts\/65821","targetHints":{"allow":["GET"]}}],"collection":[{"href":"https:\/\/lospoliticosveracruz.com.mx\/index.php?rest_route=\/wp\/v2\/posts"}],"about":[{"href":"https:\/\/lospoliticosveracruz.com.mx\/index.php?rest_route=\/wp\/v2\/types\/post"}],"author":[{"embeddable":true,"href":"https:\/\/lospoliticosveracruz.com.mx\/index.php?rest_route=\/wp\/v2\/users\/2"}],"replies":[{"embeddable":true,"href":"https:\/\/lospoliticosveracruz.com.mx\/index.php?rest_route=%2Fwp%2Fv2%2Fcomments&post=65821"}],"version-history":[{"count":1,"href":"https:\/\/lospoliticosveracruz.com.mx\/index.php?rest_route=\/wp\/v2\/posts\/65821\/revisions"}],"predecessor-version":[{"id":65822,"href":"https:\/\/lospoliticosveracruz.com.mx\/index.php?rest_route=\/wp\/v2\/posts\/65821\/revisions\/65822"}],"wp:attachment":[{"href":"https:\/\/lospoliticosveracruz.com.mx\/index.php?rest_route=%2Fwp%2Fv2%2Fmedia&parent=65821"}],"wp:term":[{"taxonomy":"category","embeddable":true,"href":"https:\/\/lospoliticosveracruz.com.mx\/index.php?rest_route=%2Fwp%2Fv2%2Fcategories&post=65821"},{"taxonomy":"post_tag","embeddable":true,"href":"https:\/\/lospoliticosveracruz.com.mx\/index.php?rest_route=%2Fwp%2Fv2%2Ftags&post=65821"}],"curies":[{"name":"wp","href":"https:\/\/api.w.org\/{rel}","templated":true}]}}