{"id":65836,"date":"2020-12-23T20:58:24","date_gmt":"2020-12-24T02:58:24","guid":{"rendered":"http:\/\/www.lospoliticosveracruz.com.mx\/?p=65836"},"modified":"2020-12-23T20:58:24","modified_gmt":"2020-12-24T02:58:24","slug":"destituyen-a-alcalde-de-actopan","status":"publish","type":"post","link":"https:\/\/lospoliticosveracruz.com.mx\/?p=65836","title":{"rendered":"Destituyen a alcalde de Actopan"},"content":{"rendered":"<p>De manera sorpresiva, la noche de este mi\u00e9rcoles fue destituido Eduardo Carranza Barradas, como alcalde de Actopan y su lugar lo ocupa la Sindica Nayeli Toral Ruiz.<br \/>\nTras quejas en el congreso local por parte del cabildo se decidi\u00f3 su separaci\u00f3n del cargo al que hab\u00eda asumido luego del desafuero del alcalde panista Paulino Dominguez, actual pr\u00f3fugo de la justicia.<br \/>\nApenas en marzo, el congreso local hab\u00eda avalado su llegada a la presidencia de ese ayuntamiento.<br \/>\nHay que recordar que Carranza Barradas es regidor por el partido Movimiento Ciudadano.<br \/>\nEn mayo, la s\u00edndica del Ayuntamiento de Actopan, Nayeli Toral Ruiz, present\u00f3 un juicio para la protecci\u00f3n de sus derechos pol\u00edtico-electorales ante el Tribunal Electoral de Veracruz, a fin de obtener el nombramiento de alcaldesa.<br \/>\nFrancisco Spinoso J\u00e1come, uno de los abogados de la s\u00edndica, dio a conocer que dicho recurso se present\u00f3 dado que el alcalde interino de Actopan, Eduardo Carranza Barradas, inici\u00f3 una campa\u00f1a en Facebook con la que busca legitimarse en el cargo.<br \/>\nFinalmente este mi\u00e9rcoles asumi\u00f3 el cargo.<\/p>\n","protected":false},"excerpt":{"rendered":"<p>De manera sorpresiva, la noche de este mi\u00e9rcoles fue destituido Eduardo Carranza Barradas, como alcalde de Actopan y su lugar lo ocupa la Sindica Nayeli Toral Ruiz. Tras quejas en el congreso local por parte del cabildo se decidi\u00f3 su separaci\u00f3n del cargo al que hab\u00eda asumido luego del desafuero del alcalde panista Paulino Dominguez, [&hellip;]<\/p>\n","protected":false},"author":2,"featured_media":0,"comment_status":"open","ping_status":"open","sticky":false,"template":"","format":"standard","meta":{"_jetpack_newsletter_access":"","_jetpack_dont_email_post_to_subs":false,"_jetpack_newsletter_tier_id":0,"_jetpack_memberships_contains_paywalled_content":false,"_jetpack_memberships_contains_paid_content":false,"footnotes":""},"categories":[6446],"tags":[4860,19982,24720,2327,24719,16800],"class_list":["post-65836","post","type-post","status-publish","format-standard","hentry","category-la-nota","tag-actopan","tag-eduardo-carranza-barradas","tag-francisco-spinoso-jacome","tag-movimiento-ciudadano","tag-nayeli-toral-ruiz","tag-paulino-dominguez"],"jetpack_featured_media_url":"","jetpack_sharing_enabled":true,"jetpack_shortlink":"https:\/\/wp.me\/p4Qcd3-h7S","_links":{"self":[{"href":"https:\/\/lospoliticosveracruz.com.mx\/index.php?rest_route=\/wp\/v2\/posts\/65836","targetHints":{"allow":["GET"]}}],"collection":[{"href":"https:\/\/lospoliticosveracruz.com.mx\/index.php?rest_route=\/wp\/v2\/posts"}],"about":[{"href":"https:\/\/lospoliticosveracruz.com.mx\/index.php?rest_route=\/wp\/v2\/types\/post"}],"author":[{"embeddable":true,"href":"https:\/\/lospoliticosveracruz.com.mx\/index.php?rest_route=\/wp\/v2\/users\/2"}],"replies":[{"embeddable":true,"href":"https:\/\/lospoliticosveracruz.com.mx\/index.php?rest_route=%2Fwp%2Fv2%2Fcomments&post=65836"}],"version-history":[{"count":1,"href":"https:\/\/lospoliticosveracruz.com.mx\/index.php?rest_route=\/wp\/v2\/posts\/65836\/revisions"}],"predecessor-version":[{"id":65838,"href":"https:\/\/lospoliticosveracruz.com.mx\/index.php?rest_route=\/wp\/v2\/posts\/65836\/revisions\/65838"}],"wp:attachment":[{"href":"https:\/\/lospoliticosveracruz.com.mx\/index.php?rest_route=%2Fwp%2Fv2%2Fmedia&parent=65836"}],"wp:term":[{"taxonomy":"category","embeddable":true,"href":"https:\/\/lospoliticosveracruz.com.mx\/index.php?rest_route=%2Fwp%2Fv2%2Fcategories&post=65836"},{"taxonomy":"post_tag","embeddable":true,"href":"https:\/\/lospoliticosveracruz.com.mx\/index.php?rest_route=%2Fwp%2Fv2%2Ftags&post=65836"}],"curies":[{"name":"wp","href":"https:\/\/api.w.org\/{rel}","templated":true}]}}