{"id":66098,"date":"2021-01-03T16:38:11","date_gmt":"2021-01-03T22:38:11","guid":{"rendered":"http:\/\/www.lospoliticosveracruz.com.mx\/?p=66098"},"modified":"2021-01-03T16:38:11","modified_gmt":"2021-01-03T22:38:11","slug":"4t-hace-justicia-con-aumento-al-salario-minimo","status":"publish","type":"post","link":"https:\/\/lospoliticosveracruz.com.mx\/?p=66098","title":{"rendered":"4T hace justicia con aumento al salario m\u00ednimo"},"content":{"rendered":"<p><strong>Enrique Yasser Pompeyo<\/strong><br \/>\n<em>Coatepec<\/em><\/p>\n<p>El gobierno de la cuarta transformaci\u00f3n le est\u00e1 haciendo justicia a las personas m\u00e1s vulnerables que durante d\u00e9cadas fueron desplazados del presupuesto de la naci\u00f3n, destac\u00f3 el regidor tercero del Ayuntamiento de Coatepec, Jorge Luna.<\/p>\n<p>Puso como ejemplo el aumento al salario m\u00ednimo y a las cantidades que reciben las personas que gozan de un programa social: becas, pensi\u00f3n de discapacidad y de adulto mayor, que ha incrementado de $1,1150 a $2,700.<\/p>\n<p>El edil coatepecano resalt\u00f3 que a tan s\u00f3lo dos a\u00f1os del inicio del nuevo r\u00e9gimen se han sentado las bases para un mejor pa\u00eds donde se combate la corrupci\u00f3n, se act\u00faa con honestidad y donde el eje rector de las pol\u00edticas p\u00fablicas es la b\u00fasqueda del bienestar del pueblo.<\/p>\n<p>Al respecto, expuso: \u201cescuchamos muchas veces en campa\u00f1a decir a Andr\u00e9s Manuel L\u00f3pez Obrador por el bien de M\u00e9xico, primero los pobres y m\u00e1s all\u00e1 de un simple eslogan de campa\u00f1a \u00e9l ha convertido esa idea en el eje rector de su pol\u00edtica p\u00fablica\u201d.<\/p>\n<p>El edil Jorge Luna, emanado de Morena enfatiz\u00f3 que este 2021 el pueblo va a refrendar su confianza en este gobierno que busca consolidar la transformaci\u00f3n de M\u00e9xico.<\/p>\n","protected":false},"excerpt":{"rendered":"<p>Enrique Yasser Pompeyo Coatepec El gobierno de la cuarta transformaci\u00f3n le est\u00e1 haciendo justicia a las personas m\u00e1s vulnerables que durante d\u00e9cadas fueron desplazados del presupuesto de la naci\u00f3n, destac\u00f3 el regidor tercero del Ayuntamiento de Coatepec, Jorge Luna. Puso como ejemplo el aumento al salario m\u00ednimo y a las cantidades que reciben las personas [&hellip;]<\/p>\n","protected":false},"author":2,"featured_media":0,"comment_status":"open","ping_status":"open","sticky":false,"template":"","format":"standard","meta":{"_jetpack_newsletter_access":"","_jetpack_dont_email_post_to_subs":false,"_jetpack_newsletter_tier_id":0,"_jetpack_memberships_contains_paywalled_content":false,"_jetpack_memberships_contains_paid_content":false,"footnotes":""},"categories":[6446],"tags":[618,12744,24889,395],"class_list":["post-66098","post","type-post","status-publish","format-standard","hentry","category-la-nota","tag-andres-manuel-lopez-obrador","tag-cuarta-transformacion","tag-jorge-luna","tag-mexico"],"jetpack_featured_media_url":"","jetpack_sharing_enabled":true,"jetpack_shortlink":"https:\/\/wp.me\/p4Qcd3-hc6","_links":{"self":[{"href":"https:\/\/lospoliticosveracruz.com.mx\/index.php?rest_route=\/wp\/v2\/posts\/66098","targetHints":{"allow":["GET"]}}],"collection":[{"href":"https:\/\/lospoliticosveracruz.com.mx\/index.php?rest_route=\/wp\/v2\/posts"}],"about":[{"href":"https:\/\/lospoliticosveracruz.com.mx\/index.php?rest_route=\/wp\/v2\/types\/post"}],"author":[{"embeddable":true,"href":"https:\/\/lospoliticosveracruz.com.mx\/index.php?rest_route=\/wp\/v2\/users\/2"}],"replies":[{"embeddable":true,"href":"https:\/\/lospoliticosveracruz.com.mx\/index.php?rest_route=%2Fwp%2Fv2%2Fcomments&post=66098"}],"version-history":[{"count":1,"href":"https:\/\/lospoliticosveracruz.com.mx\/index.php?rest_route=\/wp\/v2\/posts\/66098\/revisions"}],"predecessor-version":[{"id":66102,"href":"https:\/\/lospoliticosveracruz.com.mx\/index.php?rest_route=\/wp\/v2\/posts\/66098\/revisions\/66102"}],"wp:attachment":[{"href":"https:\/\/lospoliticosveracruz.com.mx\/index.php?rest_route=%2Fwp%2Fv2%2Fmedia&parent=66098"}],"wp:term":[{"taxonomy":"category","embeddable":true,"href":"https:\/\/lospoliticosveracruz.com.mx\/index.php?rest_route=%2Fwp%2Fv2%2Fcategories&post=66098"},{"taxonomy":"post_tag","embeddable":true,"href":"https:\/\/lospoliticosveracruz.com.mx\/index.php?rest_route=%2Fwp%2Fv2%2Ftags&post=66098"}],"curies":[{"name":"wp","href":"https:\/\/api.w.org\/{rel}","templated":true}]}}