{"id":66196,"date":"2021-01-05T22:18:05","date_gmt":"2021-01-06T04:18:05","guid":{"rendered":"http:\/\/www.lospoliticosveracruz.com.mx\/?p=66196"},"modified":"2021-01-05T22:18:05","modified_gmt":"2021-01-06T04:18:05","slug":"por-que-funciona-la-cobranza-abusiva","status":"publish","type":"post","link":"https:\/\/lospoliticosveracruz.com.mx\/?p=66196","title":{"rendered":"\u00bfPor qu\u00e9 funciona la Cobranza Abusiva?"},"content":{"rendered":"<p><strong>Teresa Carbajal<\/strong><\/p>\n<p><em>Debo, no niego; pago, lo justo<\/em><\/p>\n<p>Con datos oficiales al cierre del mes de junio los reclamos por conductas ilegales y abusos cometidos por cobradores aumentaron en un 98%, las solicitudes de asesor\u00eda en este tema ocupan ya el segundo lugar del universo de quejas de usuarios.<br \/>\nSin duda, consecuencia de la pandemia y de la insolvencia de \u00e9ste in\u00e9dito 2020 la baja expectativa por recuperar la cartera vencida ha propiciado la desesperaci\u00f3n de volver a pr\u00e1cticas del pasado, cabe recordar que la cobranza es una actividad l\u00edcita que se torna ilegal cuando se vicia con pr\u00e1cticas indebidas que rompen con la paz social, lesionan derechos humanos y hieren en consecuencia la dignidad de las personas.<br \/>\nPara erradicarla no ha sido suficiente el derecho positivo que actualmente da las reglas b\u00e1sicas con las que deben operar todos aquellos dedicados a \u00e9sa actividad y las sanciones previstas para los infractores.<br \/>\nPero, \u00bfpor qu\u00e9 vuelven esas pr\u00e1cticas? el caso pareciera sencillo de dilucidar pero hay un trasfondo emocional un efecto intangible en los destinatarios de los actos de hostigamiento, acoso, y violencia verbal un certero ataque a su dignidad: el miedo.<br \/>\nMiedo de perder sus bienes, su trabajo, su familia, miedo del futuro de lo que vendr\u00e1, de lo que no se sabe por ahora, \u00bfy despu\u00e9s? la vulnerabilidad de las personas a partir de la cual suceden todo tipo de atropellos, por lo que lo grave del asunto, no es en s\u00ed el exceso en el requerimiento, sino lo que \u00e9ste produce.<br \/>\nLa pandemia convirti\u00f3 en deudor al m\u00e1s puntual de los \u00abtotaleros\u00bb, hoy el m\u00e1s cumplido y organizado no tiene modo de saber cu\u00e1ndo podr\u00e1 pagar. Por ello resulta necesario un breve repaso de las reglas de lo que est\u00e1 prohibido para quienes se enfrentan por primera vez a la moratoria, al contacto telef\u00f3nico, que es el medio m\u00e1s utilizado para estos fines.<br \/>\nDe ning\u00fan modo est\u00e1 permitido entender las llamadas, mensajes o recordatorios del impago a personas que resulten ajenas o extra\u00f1as (terceros) a la deuda; enti\u00e9ndase compa\u00f1eros de trabajo, amigos, referencias, contactos de facebook, patrones, familia o empleados del interesado; mucho menos ofenderlos, amenazarlos, intimidarlos, darles a conocer informaci\u00f3n privada sobre la deuda o el deudor, debiendo proteger los datos personales conforme a la normativa aplicable.<br \/>\nUna vez cerciorado de la identidad del buscado, interesado (titular) de la cuenta, deben dirigirse a \u00e9ste de manera respetuosa y proporcionarle nombre completo de quien le habla, el despacho para el que trabaja, datos de localizaci\u00f3n domicilio, n\u00famero telef\u00f3nico, nombre de la financiera que otorg\u00f3 el cr\u00e9dito, el contrato u operaci\u00f3n motivo de la deuda en que se basa la cobranza, monto del adeudo, fecha del c\u00e1lculo y condiciones para liquidar, documentando por escrito todo acuerdo al que se llegue.<br \/>\nNo utilizar n\u00fameros privados o que dificulten su identificaci\u00f3n y as\u00ed mismo proporcionar datos de contacto de la unidad administrativa por parte de la financiera que recibir\u00e1 las quejas por malas pr\u00e1cticas de cobranza.<br \/>\nTodas las gestiones de cobro a trav\u00e9s de visitas, llamadas telef\u00f3nicas, o correspondencia deben dirigirse al domicilio y n\u00famero que les proporcion\u00f3 el acreditado; deben abstenerse del env\u00edo de documentos que utilicen denominaciones que asemejen ser instituciones p\u00fablicas. Y solo podr\u00e1 recibir el pago quien otorg\u00f3 el pr\u00e9stamo.<br \/>\nDeber no te convierte en delincuente, pues no es una negativa, as\u00ed que no tengas miedo y mejor inf\u00f3rmate.<br \/>\nLlama al 2281148502 visite <a href=\"http:\/\/www.elbarzonrc.org\/\"><em><strong>www.elbarzonrc.org<\/strong><\/em><\/a> Contacte <a href=\"mailto:elbarzonrc@yahoo.com.mx\"><em><strong>elbarzonrc@yahoo.com.mx<\/strong><\/em><\/a>, O s\u00edgame en @terecarbajal<\/p>\n","protected":false},"excerpt":{"rendered":"<p>Teresa Carbajal Debo, no niego; pago, lo justo Con datos oficiales al cierre del mes de junio los reclamos por conductas ilegales y abusos cometidos por cobradores aumentaron en un 98%, las solicitudes de asesor\u00eda en este tema ocupan ya el segundo lugar del universo de quejas de usuarios. Sin duda, consecuencia de la pandemia [&hellip;]<\/p>\n","protected":false},"author":2,"featured_media":0,"comment_status":"open","ping_status":"open","sticky":false,"template":"","format":"standard","meta":{"_jetpack_newsletter_access":"","_jetpack_dont_email_post_to_subs":false,"_jetpack_newsletter_tier_id":0,"_jetpack_memberships_contains_paywalled_content":false,"_jetpack_memberships_contains_paid_content":false,"footnotes":""},"categories":[70],"tags":[15877,24923,24927,24926,16929,24924,15570],"class_list":["post-66196","post","type-post","status-publish","format-standard","hentry","category-de-opinion","tag-cobranza","tag-conductas-ilegales","tag-delincuente","tag-infractores","tag-pandemia","tag-quejas-de-usuarios","tag-teresa-carbajal"],"jetpack_featured_media_url":"","jetpack_sharing_enabled":true,"jetpack_shortlink":"https:\/\/wp.me\/p4Qcd3-hdG","_links":{"self":[{"href":"https:\/\/lospoliticosveracruz.com.mx\/index.php?rest_route=\/wp\/v2\/posts\/66196","targetHints":{"allow":["GET"]}}],"collection":[{"href":"https:\/\/lospoliticosveracruz.com.mx\/index.php?rest_route=\/wp\/v2\/posts"}],"about":[{"href":"https:\/\/lospoliticosveracruz.com.mx\/index.php?rest_route=\/wp\/v2\/types\/post"}],"author":[{"embeddable":true,"href":"https:\/\/lospoliticosveracruz.com.mx\/index.php?rest_route=\/wp\/v2\/users\/2"}],"replies":[{"embeddable":true,"href":"https:\/\/lospoliticosveracruz.com.mx\/index.php?rest_route=%2Fwp%2Fv2%2Fcomments&post=66196"}],"version-history":[{"count":1,"href":"https:\/\/lospoliticosveracruz.com.mx\/index.php?rest_route=\/wp\/v2\/posts\/66196\/revisions"}],"predecessor-version":[{"id":66197,"href":"https:\/\/lospoliticosveracruz.com.mx\/index.php?rest_route=\/wp\/v2\/posts\/66196\/revisions\/66197"}],"wp:attachment":[{"href":"https:\/\/lospoliticosveracruz.com.mx\/index.php?rest_route=%2Fwp%2Fv2%2Fmedia&parent=66196"}],"wp:term":[{"taxonomy":"category","embeddable":true,"href":"https:\/\/lospoliticosveracruz.com.mx\/index.php?rest_route=%2Fwp%2Fv2%2Fcategories&post=66196"},{"taxonomy":"post_tag","embeddable":true,"href":"https:\/\/lospoliticosveracruz.com.mx\/index.php?rest_route=%2Fwp%2Fv2%2Ftags&post=66196"}],"curies":[{"name":"wp","href":"https:\/\/api.w.org\/{rel}","templated":true}]}}