{"id":66289,"date":"2021-01-07T13:50:51","date_gmt":"2021-01-07T19:50:51","guid":{"rendered":"http:\/\/www.lospoliticosveracruz.com.mx\/?p=66289"},"modified":"2021-01-07T13:50:51","modified_gmt":"2021-01-07T19:50:51","slug":"echenles-la-mano-lavandose-las-manos","status":"publish","type":"post","link":"https:\/\/lospoliticosveracruz.com.mx\/?p=66289","title":{"rendered":"\u00c9chenles la mano lav\u00e1ndose las manos!"},"content":{"rendered":"<p>La Oficina de Representaci\u00f3n Regional en Veracruz Norte, del Instituto Mexicano del Seguro Social (IMSS), exhorta a la poblaci\u00f3n en general a reforzar las medidas de higiene en los cuidados de personas discapacitadas.<br \/>\nEn este sentido, cuando se trata de un paciente discapacitado, no todas las medidas preventivas cotidianas son ideales, dijo la jefa del servicio de rehabilitaci\u00f3n de Unidad M\u00e9dica de Alta Especialidad (UMAE) N\u00b0 14, del Hospital de Especialidades, del Centro M\u00e9dico Nacional (CMN) \u00abAdolfo Ruiz Cortines\u00bb  del IMSS, Mar\u00eda de Lourdes Gilabert Viades.<br \/>\nLo anterior, debido a que muchos de estos pacientes requieren apoyo de un familiar o cuidador para realizar actividades b\u00e1sicas, como movilidad, alimentaci\u00f3n y aseo, por lo que la sana distancia no siempre es posible.<br \/>\nPor ello es importante destacar que es trascendental para familiares y cuidadores, lavarse las manos antes y despu\u00e9s de tocar a las personas con discapacidad, para evitar contagio al vestirlo, ba\u00f1arlo, dale de comer, etc\u00e9tera.<br \/>\nDel mismo modo, se debe contar con planificaci\u00f3n previa en caso de que el familiar responsable o cuidador enferme, para que la persona que necesita apoyo asistencial, en ning\u00fan momento carezca de \u00e9ste.<br \/>\nAsimismo, la doctora Mar\u00eda de Lourdes mencion\u00f3 que se deben desinfectar frecuentemente las silla de ruedas, andaderas, aditamentos, tableros, pr\u00f3tesis, etc\u00e9tera.<br \/>\nEs fundamental garantizar una hidrataci\u00f3n adecuada y una alimentaci\u00f3n balanceada y nutritiva, para favorecer el sistema inmunol\u00f3gico; tambi\u00e9n se debe tener bien planeado el suministro de f\u00e1rmacos necesarios, en el caso de que la persona tome medicamentos de manera rutinaria.<br \/>\nAdem\u00e1s Gilabert Viades agreg\u00f3 que, en la medida de lo posible, las personas con discapacidad deben realizar deporte, pues \u00e9ste no solo implica bienestar f\u00edsico, sino tambi\u00e9n emocional y social.<br \/>\nAunado a ello, las personas con discapacidad presentan una mayor prevalencia de trastornos cardiovasculares, sobrepeso, obesidad y diabetes, por lo que el deporte es un elemento fundamental para su salud y calidad de vida.<br \/>\nLa doctora Mar\u00eda de Lourdes Gilabert Viades invit\u00f3 a familiares y cuidadores a facilitar a las personas con discapacidad la comunicaci\u00f3n con su c\u00edrculo social habitual, mediante el uso de llamadas, video llamadas, mensajes o redes sociales, a fin de mitigar un poco el estr\u00e9s y la ansiedad que puede llegar a causar el confinamiento.<\/p>\n","protected":false},"excerpt":{"rendered":"<p>La Oficina de Representaci\u00f3n Regional en Veracruz Norte, del Instituto Mexicano del Seguro Social (IMSS), exhorta a la poblaci\u00f3n en general a reforzar las medidas de higiene en los cuidados de personas discapacitadas. En este sentido, cuando se trata de un paciente discapacitado, no todas las medidas preventivas cotidianas son ideales, dijo la jefa del [&hellip;]<\/p>\n","protected":false},"author":2,"featured_media":0,"comment_status":"open","ping_status":"open","sticky":false,"template":"","format":"standard","meta":{"_jetpack_newsletter_access":"","_jetpack_dont_email_post_to_subs":false,"_jetpack_newsletter_tier_id":0,"_jetpack_memberships_contains_paywalled_content":false,"_jetpack_memberships_contains_paid_content":false,"footnotes":""},"categories":[73],"tags":[3112,1208,24970,6140,18839,24972,24973,11159],"class_list":["post-66289","post","type-post","status-publish","format-standard","hentry","category-de-boleto","tag-diabetes","tag-imss","tag-maria-de-lourdes-gilabert-viades","tag-obesidad","tag-personas-discapacitadas","tag-reforzar-medidas-de-higiene","tag-unidad-medica-de-alta-especialidad-no14","tag-veracruz-norte"],"jetpack_featured_media_url":"","jetpack_sharing_enabled":true,"jetpack_shortlink":"https:\/\/wp.me\/p4Qcd3-hfb","_links":{"self":[{"href":"https:\/\/lospoliticosveracruz.com.mx\/index.php?rest_route=\/wp\/v2\/posts\/66289","targetHints":{"allow":["GET"]}}],"collection":[{"href":"https:\/\/lospoliticosveracruz.com.mx\/index.php?rest_route=\/wp\/v2\/posts"}],"about":[{"href":"https:\/\/lospoliticosveracruz.com.mx\/index.php?rest_route=\/wp\/v2\/types\/post"}],"author":[{"embeddable":true,"href":"https:\/\/lospoliticosveracruz.com.mx\/index.php?rest_route=\/wp\/v2\/users\/2"}],"replies":[{"embeddable":true,"href":"https:\/\/lospoliticosveracruz.com.mx\/index.php?rest_route=%2Fwp%2Fv2%2Fcomments&post=66289"}],"version-history":[{"count":1,"href":"https:\/\/lospoliticosveracruz.com.mx\/index.php?rest_route=\/wp\/v2\/posts\/66289\/revisions"}],"predecessor-version":[{"id":66291,"href":"https:\/\/lospoliticosveracruz.com.mx\/index.php?rest_route=\/wp\/v2\/posts\/66289\/revisions\/66291"}],"wp:attachment":[{"href":"https:\/\/lospoliticosveracruz.com.mx\/index.php?rest_route=%2Fwp%2Fv2%2Fmedia&parent=66289"}],"wp:term":[{"taxonomy":"category","embeddable":true,"href":"https:\/\/lospoliticosveracruz.com.mx\/index.php?rest_route=%2Fwp%2Fv2%2Fcategories&post=66289"},{"taxonomy":"post_tag","embeddable":true,"href":"https:\/\/lospoliticosveracruz.com.mx\/index.php?rest_route=%2Fwp%2Fv2%2Ftags&post=66289"}],"curies":[{"name":"wp","href":"https:\/\/api.w.org\/{rel}","templated":true}]}}